{"id":1524,"date":"2015-07-11T03:48:30","date_gmt":"2015-07-11T03:48:30","guid":{"rendered":"http:\/\/lazathemes.com\/demo\/lazanews\/?p=1524"},"modified":"2016-05-16T15:32:03","modified_gmt":"2016-05-16T15:32:03","slug":"revolution","status":"publish","type":"post","link":"https:\/\/www.educatecno.cl\/index.php\/2015\/07\/11\/revolution\/","title":{"rendered":"Revolution"},"content":{"rendered":"<div id=\"fb-root\"><\/div>\n<p><img loading=\"lazy\" decoding=\"async\" class=\"alignright size-full wp-image-2184\" src=\"https:\/\/www.educatecno.cl\/wp-content\/uploads\/2015\/07\/revolution02.jpg\" alt=\"revolution02\" width=\"290\" height=\"400\" srcset=\"https:\/\/www.educatecno.cl\/wp-content\/uploads\/2015\/07\/revolution02.jpg 290w, https:\/\/www.educatecno.cl\/wp-content\/uploads\/2015\/07\/revolution02-768x1059.jpg 768w\" sizes=\"(max-width: 290px) 100vw, 290px\" \/>Revolution es una serie de televisi\u00f3n de ciencia ficci\u00f3n postapocal\u00edptica estadounidense que se estren\u00f3 el 17 de septiembre de 2012 en la cadena NBC. Fue creada por Eric Kripke y producida por J. J. Abrams y Bryan Burk.<\/p>\n<p>El 9 de mayo de 2014 la serie fue cancelada por NBC despu\u00e9s de 2 Temporadas y 42 Episodios, El final de la serie se emiti\u00f3 el 21 de mayo de 2014. A\u00fan se planea hacer dos cap\u00edtulos especiales para la edici\u00f3n especial Blu-ray.<\/p>\n<p>Revolution tiene lugar en un futuro en el cual, quince a\u00f1os atr\u00e1s, un fen\u00f3meno desconocido dej\u00f3 inservible todo aparato el\u00e9ctrico avanzado, desde ordenadores a motores de autom\u00f3viles o bater\u00edas. La gente debe adaptarse a un mundo sin tecnolog\u00eda, y bajo el control de caudillos militares y milicias formadas ante la ca\u00edda de los gobiernos centrales. La serie se centrar\u00e1 en la familia Matheson, que parece poseer un elemento clave no solo para descifrar lo ocurrido hace quince a\u00f1os, sino tambi\u00e9n para poder revertir sus efectos. Sin embargo, deben escapar de la persecuci\u00f3n de se\u00f1ores de la guerra y milicianos que quieren hacerse con ese elemento.<\/p>\n<p>Frase de Apertura:<\/p>\n<blockquote><p>Viv\u00edamos en un mundo el\u00e9ctrico, todo depend\u00eda de la electricidad, y de repente, se fue. Todo dej\u00f3 de funcionar y no est\u00e1bamos preparados. El miedo y la confusi\u00f3n dieron paso al p\u00e1nico. Los m\u00e1s afortunados escaparon de las ciudades. Cayeron los gobiernos. Las milicias tomaron el poder controlando los alimentos y acaparando las armas. Seguimos sin saber la causa del apag\u00f3n, pero esperamos que aparezca alguien y nos muestre el camino.<\/p><\/blockquote>\n<p>Existen dos antecedentes en la literatura de ciencia ficci\u00f3n que se aproximan desde distintas tem\u00e1ticas, al argumento de la serie Revolution. Uno es Destrucci\u00f3n (Ravage en el original) de Ren\u00e9 Barjavel y el otro es Malevil de Robert Merle (ambas novelas ambientadas en Francia). La primera transcurre en una Par\u00eds altamente tecnol\u00f3gica que, al igual que el mundo, es sorprendida por un apag\u00f3n general que la devuelve a la Edad Media; la segunda, el Apocalipsis nuclear que golpea a un grupo de vi\u00f1ateros que viven en un malevil en la campi\u00f1a francesa. En los dos casos la trama desarrolla el despu\u00e9s del acontecimiento, el intermedio de sucesos y la reorganizaci\u00f3n final de la sociedad.<\/p>\n<p><iframe loading=\"lazy\" title=\"Revolution - Intro Opening (HD)\" width=\"696\" height=\"392\" src=\"https:\/\/www.youtube.com\/embed\/gF2fu5kp1LA?feature=oembed\" frameborder=\"0\" allow=\"accelerometer; autoplay; clipboard-write; encrypted-media; gyroscope; picture-in-picture\" allowfullscreen><\/iframe><\/p>\n","protected":false},"excerpt":{"rendered":"<p>Revolution es una serie de televisi\u00f3n de ciencia ficci\u00f3n postapocal\u00edptica estadounidense que se estren\u00f3 el 17 de septiembre de 2012 en la cadena NBC. Fue creada por Eric Kripke y producida por J. J. Abrams y Bryan Burk. El 9 de mayo de 2014 la serie fue cancelada por NBC despu\u00e9s de 2 Temporadas y [&hellip;]<\/p>\n","protected":false},"author":1,"featured_media":2183,"comment_status":"open","ping_status":"open","sticky":false,"template":"","format":"standard","meta":{"footnotes":""},"categories":[22],"tags":[],"class_list":{"0":"post-1524","1":"post","2":"type-post","3":"status-publish","4":"format-standard","5":"has-post-thumbnail","7":"category-seriestv"},"_links":{"self":[{"href":"https:\/\/www.educatecno.cl\/index.php\/wp-json\/wp\/v2\/posts\/1524"}],"collection":[{"href":"https:\/\/www.educatecno.cl\/index.php\/wp-json\/wp\/v2\/posts"}],"about":[{"href":"https:\/\/www.educatecno.cl\/index.php\/wp-json\/wp\/v2\/types\/post"}],"author":[{"embeddable":true,"href":"https:\/\/www.educatecno.cl\/index.php\/wp-json\/wp\/v2\/users\/1"}],"replies":[{"embeddable":true,"href":"https:\/\/www.educatecno.cl\/index.php\/wp-json\/wp\/v2\/comments?post=1524"}],"version-history":[{"count":4,"href":"https:\/\/www.educatecno.cl\/index.php\/wp-json\/wp\/v2\/posts\/1524\/revisions"}],"predecessor-version":[{"id":2186,"href":"https:\/\/www.educatecno.cl\/index.php\/wp-json\/wp\/v2\/posts\/1524\/revisions\/2186"}],"wp:featuredmedia":[{"embeddable":true,"href":"https:\/\/www.educatecno.cl\/index.php\/wp-json\/wp\/v2\/media\/2183"}],"wp:attachment":[{"href":"https:\/\/www.educatecno.cl\/index.php\/wp-json\/wp\/v2\/media?parent=1524"}],"wp:term":[{"taxonomy":"category","embeddable":true,"href":"https:\/\/www.educatecno.cl\/index.php\/wp-json\/wp\/v2\/categories?post=1524"},{"taxonomy":"post_tag","embeddable":true,"href":"https:\/\/www.educatecno.cl\/index.php\/wp-json\/wp\/v2\/tags?post=1524"}],"curies":[{"name":"wp","href":"https:\/\/api.w.org\/{rel}","templated":true}]}}