{"id":1547,"date":"2012-05-28T04:17:15","date_gmt":"2012-05-28T04:17:15","guid":{"rendered":"http:\/\/lazathemes.com\/demo\/lazanews\/?p=1547"},"modified":"2016-05-16T16:07:15","modified_gmt":"2016-05-16T16:07:15","slug":"trabajo-con-capas","status":"publish","type":"post","link":"https:\/\/www.educatecno.cl\/index.php\/2012\/05\/28\/trabajo-con-capas\/","title":{"rendered":"Trabajo con Capas"},"content":{"rendered":"<div id=\"fb-root\"><\/div>\n<p>Casi todo el trabajo con capas se centraliza en la ventana de capas. Esta ventana se encuentra abierta por defecto al iniciar Photoshop, pero si no la vemos, siempre podemos mostrarla con el men\u00fa de \u201cVentana \u2013 Capas\u201d.<br \/>\nA continuaci\u00f3n vemos la ventana de capas:<\/p>\n<p><img loading=\"lazy\" decoding=\"async\" class=\"alignright size-full wp-image-2120\" src=\"https:\/\/www.educatecno.cl\/wp-content\/uploads\/2015\/07\/photoshop04_1.jpg\" alt=\"photoshop04_1\" width=\"253\" height=\"335\" srcset=\"https:\/\/www.educatecno.cl\/wp-content\/uploads\/2015\/07\/photoshop04_1.jpg 253w, https:\/\/www.educatecno.cl\/wp-content\/uploads\/2015\/07\/photoshop04_1-768x1016.jpg 768w\" sizes=\"(max-width: 253px) 100vw, 253px\" \/>En la ventana de capas tenemos un listado de todas las capas que forman parte de nuestro dise\u00f1o. Lo primero que tenemos que ver en esta ventana es que hay una capa que est\u00e1 con el fondo de color azul. Esto quiere decir que esa es la capa activa. Cualquier acci\u00f3n que realicemos con Photoshop se aplicar\u00e1 sobre la capa activa. Por ejemplo, si utilizamos el pincel para pintar cualquier cosa en la imagen, en realidad estaremos pintando s\u00f3lo sobre la capa activa.<\/p>\n<p>Para cambiar la capa activa, simplemente tenemos que hacer clic en la ventana de capas sobre la capa que queremos trabajar con ella.<\/p>\n<p>Otro ejemplo de la importancia de estar atentos a cu\u00e1l es la capa activa de nuestra imagen es la creaci\u00f3n de selecciones. Al hacer una selecci\u00f3n y copiar el contenido de la imagen (CTRL + C o bien men\u00fa \u201cEdici\u00f3n \u2013 Copiar\u201d), lo que hacemos es copiar s\u00f3lo el contenido de la capa activa. Es importante saber cu\u00e1l es la capa activa, porque ocurrir\u00e1 en ocasiones que copiemos un contenido que no estamos deseando, por estar trabajando sobre una capa distinta a la esperada.<\/p>\n<blockquote><p>Nota: podemos copiar el contenido de un \u00e1rea seleccionada sobre la imagen completa (todas sus capas), en vez de solamente la capa activa con el men\u00fa \u201cEdici\u00f3n &#8211; copiar combinado\u201d o la tecla r\u00e1pida \u201cMay\u00fasculas + CTRL + C\u201d).<\/p><\/blockquote>\n<p>Otra cosa que tenemos que tener muy en cuenta es el orden de capas, puesto que dicho orden incide directamente en el dise\u00f1o de la imagen, al mostrarse las capas que est\u00e1n m\u00e1s arriba sobre las capas que est\u00e1n abajo. Las que hay arriba se superponen y pueden tapar los contenidos de las capas que hay debajo. Para alterar el orden de las capas simplemente tenemos que, dentro de la ventana de capas, arrastrar y soltar una capa en otro lugar.<\/p>\n<p>Problema t\u00edpico que nos encontraremos al trabajar con Photoshop est\u00e1 directamente relacionado con el orden de las capas y la capa activa. Nos ocurrir\u00e1 a veces que hacemos cambios sobre la imagen, como pintar con el pincel o rellenar de color, y luego no vemos que la imagen se altere. La raz\u00f3n de ello puede ser porque tenemos una capa encima, que no deje ver lo que estamos pintando sobre una capa cuyo orden est\u00e1 m\u00e1s abajo.<\/p>\n<p>Hay una capa especial que es la capa \u201cfondo\u201d. No todos los dise\u00f1os de Photoshop tienen una capa fondo, de hecho al crear un archivo nuevo podemos elegir si queremos un fondo de color o un fondo transparente. En este \u00faltimo caso, simplemente no se colocar\u00e1 ning\u00fan fondo para tener una imagen con fondo transparente. La capa fondo es especial porque no se puede mover y hay algunas otras acciones que tampoco se pueden realizar sobre el fondo. As\u00ed que tener cuidado con eso.<\/p>\n<p>Solo un detalle m\u00e1s, no todas las im\u00e1genes que abramos con Photoshop tienen la posibilidad de crear capas. Por ejemplo, si abrimos un archivo .gif, veremos que no se pueden crear capas. Esto es porque el modo de la imagen es \u201cIndexado\u201d y ese modo no permite capas. Pero podemos cambiar el modo de la imagen f\u00e1cilmente desde el men\u00fa \u201cImagen &#8211; Modo &#8211; Color RGB\u201d.<\/p>\n","protected":false},"excerpt":{"rendered":"<p>Casi todo el trabajo con capas se centraliza en la ventana de capas. Esta ventana se encuentra abierta por defecto al iniciar Photoshop, pero si no la vemos, siempre podemos mostrarla con el men\u00fa de \u201cVentana \u2013 Capas\u201d. A continuaci\u00f3n vemos la ventana de capas: En la ventana de capas tenemos un listado de todas [&hellip;]<\/p>\n","protected":false},"author":1,"featured_media":2119,"comment_status":"open","ping_status":"open","sticky":false,"template":"","format":"standard","meta":{"footnotes":""},"categories":[31,5],"tags":[],"class_list":{"0":"post-1547","1":"post","2":"type-post","3":"status-publish","4":"format-standard","5":"has-post-thumbnail","7":"category-p","8":"category-tutoriales"},"_links":{"self":[{"href":"https:\/\/www.educatecno.cl\/index.php\/wp-json\/wp\/v2\/posts\/1547"}],"collection":[{"href":"https:\/\/www.educatecno.cl\/index.php\/wp-json\/wp\/v2\/posts"}],"about":[{"href":"https:\/\/www.educatecno.cl\/index.php\/wp-json\/wp\/v2\/types\/post"}],"author":[{"embeddable":true,"href":"https:\/\/www.educatecno.cl\/index.php\/wp-json\/wp\/v2\/users\/1"}],"replies":[{"embeddable":true,"href":"https:\/\/www.educatecno.cl\/index.php\/wp-json\/wp\/v2\/comments?post=1547"}],"version-history":[{"count":3,"href":"https:\/\/www.educatecno.cl\/index.php\/wp-json\/wp\/v2\/posts\/1547\/revisions"}],"predecessor-version":[{"id":2199,"href":"https:\/\/www.educatecno.cl\/index.php\/wp-json\/wp\/v2\/posts\/1547\/revisions\/2199"}],"wp:featuredmedia":[{"embeddable":true,"href":"https:\/\/www.educatecno.cl\/index.php\/wp-json\/wp\/v2\/media\/2119"}],"wp:attachment":[{"href":"https:\/\/www.educatecno.cl\/index.php\/wp-json\/wp\/v2\/media?parent=1547"}],"wp:term":[{"taxonomy":"category","embeddable":true,"href":"https:\/\/www.educatecno.cl\/index.php\/wp-json\/wp\/v2\/categories?post=1547"},{"taxonomy":"post_tag","embeddable":true,"href":"https:\/\/www.educatecno.cl\/index.php\/wp-json\/wp\/v2\/tags?post=1547"}],"curies":[{"name":"wp","href":"https:\/\/api.w.org\/{rel}","templated":true}]}}