{"id":1633,"date":"2013-07-11T08:57:02","date_gmt":"2013-07-11T08:57:02","guid":{"rendered":"http:\/\/lazathemes.com\/demo\/lazanews\/?p=1633"},"modified":"2016-05-16T15:14:48","modified_gmt":"2016-05-16T15:14:48","slug":"fringe","status":"publish","type":"post","link":"https:\/\/www.educatecno.cl\/index.php\/2013\/07\/11\/fringe\/","title":{"rendered":"Fringe"},"content":{"rendered":"<div id=\"fb-root\"><\/div>\n<p><img loading=\"lazy\" decoding=\"async\" class=\"size-full wp-image-2093 alignright\" src=\"https:\/\/www.educatecno.cl\/wp-content\/uploads\/2015\/07\/fringe02.jpg\" alt=\"fringe02\" width=\"321\" height=\"496\" srcset=\"https:\/\/www.educatecno.cl\/wp-content\/uploads\/2015\/07\/fringe02.jpg 321w, https:\/\/www.educatecno.cl\/wp-content\/uploads\/2015\/07\/fringe02-768x1186.jpg 768w\" sizes=\"(max-width: 321px) 100vw, 321px\" \/>Fringe es una serie de ciencia ficci\u00f3n estadounidense creada por J. J. Abrams, Alex Kurtzman y Roberto Orci. Se estren\u00f3 a trav\u00e9s de Fox el 9 de septiembre de 2008 y termin\u00f3 el 18 de enero de 2013 despu\u00e9s de cien episodios recopilados en cinco temporadas. La serie sigue a Olivia Dunham (Anna Torv), Peter Bishop (Joshua Jackson) y Walter Bishop (John Noble), quienes son miembros de la Divisi\u00f3n Fringe de la Oficina Federal de Investigaci\u00f3n cuya base se encuentra en Boston, Estados Unidos, bajo \u00f3rdenes del Departamento de Seguridad Nacional. El equipo utiliza m\u00e9todos de la ciencia fringe para ayudar al FBI a investigar diversos de casos inexplicables, a menudo horribles, que est\u00e1n relacionados con un misterioso universo paralelo. La serie ha sido considerada como una mezcla entre The X-Files, Altered States y The Twilight Zone.<br \/>\nFringe combina el formato de casos de la semana con una historia relevante de trasfondo. Comenz\u00f3 con los tradicionales \u00abmisterios de la semana\u00bb y poco a poco form\u00f3 su propia mitolog\u00eda donde dej\u00f3 atr\u00e1s aquellos episodios en posteriores temporadas. La mayor\u00eda de los episodios contienen una trama independiente a la general pero tambi\u00e9n varios episodios han explorado la mitolog\u00eda general de la serie.<\/p>\n<p>La recepci\u00f3n de la cr\u00edtica durante la primera temporada fue tibia, pero con el avance de las temporadas se hizo m\u00e1s favorable debido a que se comenz\u00f3 a explorar su mitolog\u00eda, como el universo paralelo y la l\u00ednea de tiempo alternativa. La serie, as\u00ed como el reparto, ha sido nominada para varios premios importantes. A pesar de su traslado a \u00abla maldici\u00f3n del viernes por la noche\u00bb y los bajos niveles de audiencias, tiene seguidores de culto. La serie tambi\u00e9n ha dado paso a dos series de comic book de seis partes y un juego de realidad alternativa.<\/p>\n<p style=\"text-align: right;\">Fuente: <a href=\"http:\/\/es.wikipedia.org\/wiki\/Fringe\" target=\"_blank\">Wikipedia<\/a><\/p>\n<div class=\"youtube-embed\" data-video_id=\"JR-9uK6xPa0\"><iframe loading=\"lazy\" title=\"FRINGE Opening HD\" width=\"696\" height=\"392\" src=\"https:\/\/www.youtube.com\/embed\/JR-9uK6xPa0?feature=oembed&#038;enablejsapi=1\" frameborder=\"0\" allow=\"accelerometer; autoplay; clipboard-write; encrypted-media; gyroscope; picture-in-picture\" allowfullscreen><\/iframe><\/div>\n","protected":false},"excerpt":{"rendered":"<p>Fringe es una serie de ciencia ficci\u00f3n estadounidense creada por J. J. Abrams, Alex Kurtzman y Roberto Orci. Se estren\u00f3 a trav\u00e9s de Fox el 9 de septiembre de 2008 y termin\u00f3 el 18 de enero de 2013 despu\u00e9s de cien episodios recopilados en cinco temporadas. La serie sigue a Olivia Dunham (Anna Torv), Peter [&hellip;]<\/p>\n","protected":false},"author":1,"featured_media":2092,"comment_status":"open","ping_status":"open","sticky":false,"template":"","format":"standard","meta":{"footnotes":""},"categories":[22],"tags":[],"class_list":{"0":"post-1633","1":"post","2":"type-post","3":"status-publish","4":"format-standard","5":"has-post-thumbnail","7":"category-seriestv"},"_links":{"self":[{"href":"https:\/\/www.educatecno.cl\/index.php\/wp-json\/wp\/v2\/posts\/1633"}],"collection":[{"href":"https:\/\/www.educatecno.cl\/index.php\/wp-json\/wp\/v2\/posts"}],"about":[{"href":"https:\/\/www.educatecno.cl\/index.php\/wp-json\/wp\/v2\/types\/post"}],"author":[{"embeddable":true,"href":"https:\/\/www.educatecno.cl\/index.php\/wp-json\/wp\/v2\/users\/1"}],"replies":[{"embeddable":true,"href":"https:\/\/www.educatecno.cl\/index.php\/wp-json\/wp\/v2\/comments?post=1633"}],"version-history":[{"count":2,"href":"https:\/\/www.educatecno.cl\/index.php\/wp-json\/wp\/v2\/posts\/1633\/revisions"}],"predecessor-version":[{"id":2179,"href":"https:\/\/www.educatecno.cl\/index.php\/wp-json\/wp\/v2\/posts\/1633\/revisions\/2179"}],"wp:featuredmedia":[{"embeddable":true,"href":"https:\/\/www.educatecno.cl\/index.php\/wp-json\/wp\/v2\/media\/2092"}],"wp:attachment":[{"href":"https:\/\/www.educatecno.cl\/index.php\/wp-json\/wp\/v2\/media?parent=1633"}],"wp:term":[{"taxonomy":"category","embeddable":true,"href":"https:\/\/www.educatecno.cl\/index.php\/wp-json\/wp\/v2\/categories?post=1633"},{"taxonomy":"post_tag","embeddable":true,"href":"https:\/\/www.educatecno.cl\/index.php\/wp-json\/wp\/v2\/tags?post=1633"}],"curies":[{"name":"wp","href":"https:\/\/api.w.org\/{rel}","templated":true}]}}