{"id":1657,"date":"2014-06-11T02:34:39","date_gmt":"2014-06-11T02:34:39","guid":{"rendered":"http:\/\/lazathemes.com\/demo\/lazanews\/?p=1657"},"modified":"2016-05-16T16:32:13","modified_gmt":"2016-05-16T16:32:13","slug":"mto-genio-frances-del-grafiti","status":"publish","type":"post","link":"https:\/\/www.educatecno.cl\/index.php\/2014\/06\/11\/mto-genio-frances-del-grafiti\/","title":{"rendered":"Mto, el genio franc\u00e9s del Grafiti"},"content":{"rendered":"<div id=\"fb-root\"><\/div>\n<p>En pleno siglo XXI todav\u00eda hay gente que denosta el arte urbano y lo considera el vandalismo de cuatro ni\u00f1atos sin educaci\u00f3n. Eso s\u00ed, el mensaje claro y rotundo de la obra de gente como Banksy ha ayudado a matizar opiniones al respecto, y es posible que otro personaje capaz de contribuir a ese cambio de mentalidad sea MTO (diminutivo para Mateo), un artista callejero franc\u00e9s del que, como es habitual con esta gente, poco se sabe de \u00e9l m\u00e1s all\u00e1 de que vivi\u00f3 siete a\u00f1os en Berl\u00edn y que sus dibujos son impresionantes.<\/p>\n","protected":false},"excerpt":{"rendered":"<p>En pleno siglo XXI todav\u00eda hay gente que denosta el arte urbano y lo considera el vandalismo de cuatro ni\u00f1atos sin educaci\u00f3n. Eso s\u00ed, el mensaje claro y rotundo de la obra de gente como Banksy ha ayudado a matizar opiniones al respecto, y es posible que otro personaje capaz de contribuir a ese cambio [&hellip;]<\/p>\n","protected":false},"author":1,"featured_media":2223,"comment_status":"open","ping_status":"open","sticky":false,"template":"","format":"gallery","meta":{"footnotes":""},"categories":[73],"tags":[],"class_list":{"0":"post-1657","1":"post","2":"type-post","3":"status-publish","4":"format-gallery","5":"has-post-thumbnail","7":"category-de-todo-un-poco","8":"post_format-post-format-gallery"},"_links":{"self":[{"href":"https:\/\/www.educatecno.cl\/index.php\/wp-json\/wp\/v2\/posts\/1657"}],"collection":[{"href":"https:\/\/www.educatecno.cl\/index.php\/wp-json\/wp\/v2\/posts"}],"about":[{"href":"https:\/\/www.educatecno.cl\/index.php\/wp-json\/wp\/v2\/types\/post"}],"author":[{"embeddable":true,"href":"https:\/\/www.educatecno.cl\/index.php\/wp-json\/wp\/v2\/users\/1"}],"replies":[{"embeddable":true,"href":"https:\/\/www.educatecno.cl\/index.php\/wp-json\/wp\/v2\/comments?post=1657"}],"version-history":[{"count":2,"href":"https:\/\/www.educatecno.cl\/index.php\/wp-json\/wp\/v2\/posts\/1657\/revisions"}],"predecessor-version":[{"id":2224,"href":"https:\/\/www.educatecno.cl\/index.php\/wp-json\/wp\/v2\/posts\/1657\/revisions\/2224"}],"wp:featuredmedia":[{"embeddable":true,"href":"https:\/\/www.educatecno.cl\/index.php\/wp-json\/wp\/v2\/media\/2223"}],"wp:attachment":[{"href":"https:\/\/www.educatecno.cl\/index.php\/wp-json\/wp\/v2\/media?parent=1657"}],"wp:term":[{"taxonomy":"category","embeddable":true,"href":"https:\/\/www.educatecno.cl\/index.php\/wp-json\/wp\/v2\/categories?post=1657"},{"taxonomy":"post_tag","embeddable":true,"href":"https:\/\/www.educatecno.cl\/index.php\/wp-json\/wp\/v2\/tags?post=1657"}],"curies":[{"name":"wp","href":"https:\/\/api.w.org\/{rel}","templated":true}]}}