{"id":1660,"date":"2014-01-07T02:37:03","date_gmt":"2014-01-07T02:37:03","guid":{"rendered":"http:\/\/lazathemes.com\/demo\/lazanews\/?p=1660"},"modified":"2016-05-16T16:21:48","modified_gmt":"2016-05-16T16:21:48","slug":"asimov-se-quedo-corto","status":"publish","type":"post","link":"https:\/\/www.educatecno.cl\/index.php\/2014\/01\/07\/asimov-se-quedo-corto\/","title":{"rendered":"Asimov se qued\u00f3 corto"},"content":{"rendered":"<div id=\"fb-root\"><\/div>\n<blockquote><p>En 2014 las comunicaciones nos permitir\u00e1n ver a nuestros interlocutores adem\u00e1s de hablar con ellos. Las pantallas de los tel\u00e9fonos servir\u00e1n no solo para ver a la gente sino tambi\u00e9n para estudiar documentos, fotograf\u00edas e incluso leer fragmentos de libros. Los sat\u00e9lites geosincr\u00f3nicos que surcar\u00e1n el espacio permitir\u00e1n llamar directamente a cualquier lugar de la Tierra, incluyendo a las estaciones meteorol\u00f3gicas de la Ant\u00e1rtida.<\/p><\/blockquote>\n<p>Escrito por Isaac Asimov, autor de ciencia ficci\u00f3n, el a\u00f1o 1964 en \u00ab<a href=\"http:\/\/www.nytimes.com\/books\/97\/03\/23\/lifetimes\/asi-v-fair.html\" target=\"_blank\">Una visita a la feria mundial de 2014<\/a>\u00ab<\/p>\n","protected":false},"excerpt":{"rendered":"<p>En 2014 las comunicaciones nos permitir\u00e1n ver a nuestros interlocutores adem\u00e1s de hablar con ellos. Las pantallas de los tel\u00e9fonos servir\u00e1n no solo para ver a la gente sino tambi\u00e9n para estudiar documentos, fotograf\u00edas e incluso leer fragmentos de libros. Los sat\u00e9lites geosincr\u00f3nicos que surcar\u00e1n el espacio permitir\u00e1n llamar directamente a cualquier lugar de la [&hellip;]<\/p>\n","protected":false},"author":1,"featured_media":2080,"comment_status":"open","ping_status":"open","sticky":false,"template":"","format":"standard","meta":{"footnotes":""},"categories":[73],"tags":[],"class_list":{"0":"post-1660","1":"post","2":"type-post","3":"status-publish","4":"format-standard","5":"has-post-thumbnail","7":"category-de-todo-un-poco"},"_links":{"self":[{"href":"https:\/\/www.educatecno.cl\/index.php\/wp-json\/wp\/v2\/posts\/1660"}],"collection":[{"href":"https:\/\/www.educatecno.cl\/index.php\/wp-json\/wp\/v2\/posts"}],"about":[{"href":"https:\/\/www.educatecno.cl\/index.php\/wp-json\/wp\/v2\/types\/post"}],"author":[{"embeddable":true,"href":"https:\/\/www.educatecno.cl\/index.php\/wp-json\/wp\/v2\/users\/1"}],"replies":[{"embeddable":true,"href":"https:\/\/www.educatecno.cl\/index.php\/wp-json\/wp\/v2\/comments?post=1660"}],"version-history":[{"count":2,"href":"https:\/\/www.educatecno.cl\/index.php\/wp-json\/wp\/v2\/posts\/1660\/revisions"}],"predecessor-version":[{"id":2206,"href":"https:\/\/www.educatecno.cl\/index.php\/wp-json\/wp\/v2\/posts\/1660\/revisions\/2206"}],"wp:featuredmedia":[{"embeddable":true,"href":"https:\/\/www.educatecno.cl\/index.php\/wp-json\/wp\/v2\/media\/2080"}],"wp:attachment":[{"href":"https:\/\/www.educatecno.cl\/index.php\/wp-json\/wp\/v2\/media?parent=1660"}],"wp:term":[{"taxonomy":"category","embeddable":true,"href":"https:\/\/www.educatecno.cl\/index.php\/wp-json\/wp\/v2\/categories?post=1660"},{"taxonomy":"post_tag","embeddable":true,"href":"https:\/\/www.educatecno.cl\/index.php\/wp-json\/wp\/v2\/tags?post=1660"}],"curies":[{"name":"wp","href":"https:\/\/api.w.org\/{rel}","templated":true}]}}