{"id":2251,"date":"2016-05-17T14:55:07","date_gmt":"2016-05-17T14:55:07","guid":{"rendered":"http:\/\/educatecno.cl\/web\/?p=2251"},"modified":"2021-09-21T13:44:39","modified_gmt":"2021-09-21T16:44:39","slug":"trailer-oficial-prison-break","status":"publish","type":"post","link":"https:\/\/www.educatecno.cl\/index.php\/2016\/05\/17\/trailer-oficial-prison-break\/","title":{"rendered":"Trailer Oficial Prison Break"},"content":{"rendered":"<div id=\"fb-root\"><\/div>\n<p>Despu\u00e9s de 8 a\u00f1os desde que vimos la \u00faltima temporada, Fox estrenar\u00e1 el 2017 la quinta entrega\u00a0de Prison Break. Esta temporada estar\u00e1 compuesta por 10 episodios y veremos en ella un vuelco a como empez\u00f3 la primera, siendo Lincoln el que debe ayudar a Michael Scoffield a salir de una c\u00e1rcel.<\/p>\n<p>Aparte del obligado regreso de Wentworth Miller y Dominic Purcell, la serie volver\u00e1 a contar con\u00a0Sarah Wayne Callies ((Sara Tancredi), Amaury Nolasco (Sucre) y Robert Knepper (T-Bag).<\/p>\n<p>Durante estos d\u00edas Fox ha liberado el nuevo trailer del esperado retorno de Prison Break.<\/p>\n","protected":false},"excerpt":{"rendered":"<p>Despu\u00e9s de 8 a\u00f1os desde que vimos la \u00faltima temporada, Fox estrenar\u00e1 el 2017 la quinta entrega\u00a0de Prison Break. Esta temporada estar\u00e1 compuesta por 10 episodios y veremos en ella un vuelco a como empez\u00f3 la primera, siendo Lincoln el que debe ayudar a Michael Scoffield a salir de una c\u00e1rcel. Aparte del obligado regreso [&hellip;]<\/p>\n","protected":false},"author":1,"featured_media":2252,"comment_status":"closed","ping_status":"open","sticky":false,"template":"","format":"video","meta":{"footnotes":""},"categories":[17],"tags":[],"class_list":{"0":"post-2251","1":"post","2":"type-post","3":"status-publish","4":"format-video","5":"has-post-thumbnail","7":"category-videos","8":"post_format-post-format-video"},"_links":{"self":[{"href":"https:\/\/www.educatecno.cl\/index.php\/wp-json\/wp\/v2\/posts\/2251"}],"collection":[{"href":"https:\/\/www.educatecno.cl\/index.php\/wp-json\/wp\/v2\/posts"}],"about":[{"href":"https:\/\/www.educatecno.cl\/index.php\/wp-json\/wp\/v2\/types\/post"}],"author":[{"embeddable":true,"href":"https:\/\/www.educatecno.cl\/index.php\/wp-json\/wp\/v2\/users\/1"}],"replies":[{"embeddable":true,"href":"https:\/\/www.educatecno.cl\/index.php\/wp-json\/wp\/v2\/comments?post=2251"}],"version-history":[{"count":3,"href":"https:\/\/www.educatecno.cl\/index.php\/wp-json\/wp\/v2\/posts\/2251\/revisions"}],"predecessor-version":[{"id":2256,"href":"https:\/\/www.educatecno.cl\/index.php\/wp-json\/wp\/v2\/posts\/2251\/revisions\/2256"}],"wp:featuredmedia":[{"embeddable":true,"href":"https:\/\/www.educatecno.cl\/index.php\/wp-json\/wp\/v2\/media\/2252"}],"wp:attachment":[{"href":"https:\/\/www.educatecno.cl\/index.php\/wp-json\/wp\/v2\/media?parent=2251"}],"wp:term":[{"taxonomy":"category","embeddable":true,"href":"https:\/\/www.educatecno.cl\/index.php\/wp-json\/wp\/v2\/categories?post=2251"},{"taxonomy":"post_tag","embeddable":true,"href":"https:\/\/www.educatecno.cl\/index.php\/wp-json\/wp\/v2\/tags?post=2251"}],"curies":[{"name":"wp","href":"https:\/\/api.w.org\/{rel}","templated":true}]}}