{"id":2257,"date":"2016-05-17T20:00:36","date_gmt":"2016-05-17T20:00:36","guid":{"rendered":"http:\/\/educatecno.cl\/web\/?p=2257"},"modified":"2021-09-21T13:44:39","modified_gmt":"2021-09-21T16:44:39","slug":"assassins-creed-la-pelicula","status":"publish","type":"post","link":"https:\/\/www.educatecno.cl\/index.php\/2016\/05\/17\/assassins-creed-la-pelicula\/","title":{"rendered":"Assassin&#8217;s Creed, la Pel\u00edcula"},"content":{"rendered":"<div id=\"fb-root\"><\/div>\n<p><a href=\"http:\/\/cdn1-www.comingsoon.net\/assets\/uploads\/gallery\/assassins-creed-movie\/13243748_904709262985575_2248473480099300768_o.jpg\"><img loading=\"lazy\" decoding=\"async\" class=\"alignright wp-image-2259\" src=\"https:\/\/www.educatecno.cl\/wp-content\/uploads\/2016\/05\/assassincreed2.jpg\" alt=\"Assasin's Creed - La Pel\u00edcula\" width=\"207\" height=\"306\" srcset=\"https:\/\/www.educatecno.cl\/wp-content\/uploads\/2016\/05\/assassincreed2.jpg 456w, https:\/\/www.educatecno.cl\/wp-content\/uploads\/2016\/05\/assassincreed2-768x1136.jpg 768w\" sizes=\"(max-width: 207px) 100vw, 207px\" \/><\/a>Todav\u00eda queda un tiempo para el estreno de la pel\u00edcula de una de las franquicias de Ubisoft m\u00e1s famosas de todos los tiempos (y uno de mis juegos favoritos), pero la adaptaci\u00f3n al cine de los videojuegos Assassin&#8217;s Creed, ya tiene tr\u00e1iler oficial, junto con un buen pu\u00f1ado de im\u00e1genes promocionales para ir calentando el ambiente de cara al estreno.<\/p>\n<p><strong>Assassins Creed tiene un fecha de estreno fijada para 21 de diciembre de 2016<\/strong> y aunque todav\u00eda quedan mucho detalles por confirmar, el trailer nos deja entrever que tendr\u00e1 parte en el futuro y en el pasado, como los videojuegos de la franquicia.<\/p>\n<p>Para llevar a cabo este ambicioso proyecto, Ubisoft, la compa\u00f1\u00eda francesa creadora de<i> Assassin&#8217;s Creed<\/i>, se ha asociado con New Regency y 20th Century Fox.<\/p>\n<p>La pel\u00edcula est\u00e1 dirigida por Justin Kurzel (<i>Macbeth, The Turning<\/i>). Sus protagonistas son el actor nominado al Oscar Michael Fassbender (<i>Frank, Prometheus, X-Men: D\u00edas del futuro pasado, 12 a\u00f1os de esclavitud<\/i>) y los oscarizados Marion Cotillard (<i>Dos d\u00edas, una noche, Lazos de sangre, El caballero oscuro. La leyenda renace<\/i>) y Jeremy Irons (<i>Tren de noche a Lisboa, El ladr\u00f3n de palabras<\/i>). En su reparto cuenta adem\u00e1s con los actores Brendan Gleeson (<i>Al filo del ma\u00f1ana, Calvary<\/i>), Michael Kenneth Williams (<i>Boardwalk Empire, Puro vicio, The Wire<\/i>) y Ariane Labed (<i>Antes del anochecer, Alps<\/i>). El gui\u00f3n corre a cargo de Bill Collage (<i>Exodus: Dioses y reyes<\/i>), Adam Cooper (<i>Un golpe de altura<\/i>) y el dramaturgo ingl\u00e9s Michael Lesslie (<i>Macbeth<\/i>). Los tres son los encargados de escribir el libreto, trasladando la m\u00edtica historia de las consolas a las salas de cine.<\/p>\n<p><strong>SINOPSIS<\/strong><\/p>\n<p>A trav\u00e9s de una tecnolog\u00eda revolucionaria que desbloquea sus recuerdos gen\u00e9ticos, Callum Lynch (Michael Fassbender) experimenta las aventuras de su ancestro, Aguilar, en la Espa\u00f1a del siglo XV. Lynch revivir\u00e1 en primera persona los recuerdos de su antepasado, un curtido miembro de la hermandad de asesinos denominada los Assasins, y tendr\u00e1 que llevar a cabo una serie de peligrosas y secretas misiones por toda Tierra Santa. Al descubrir que es descendiente de esta misteriosa sociedad secreta, reunir\u00e1 un incre\u00edble conocimiento y habilidades para enfrentarse a la poderosa y opresiva organizaci\u00f3n templaria en el presente.<\/p>\n<p><a href=\"https:\/\/youtu.be\/K5C59PljZb0\">https:\/\/youtu.be\/K5C59PljZb0<\/a><\/p>\n","protected":false},"excerpt":{"rendered":"<p>Todav\u00eda queda un tiempo para el estreno de la pel\u00edcula de una de las franquicias de Ubisoft m\u00e1s famosas de todos los tiempos (y uno de mis juegos favoritos), pero la adaptaci\u00f3n al cine de los videojuegos Assassin&#8217;s Creed, ya tiene tr\u00e1iler oficial, junto con un buen pu\u00f1ado de im\u00e1genes promocionales para ir calentando el [&hellip;]<\/p>\n","protected":false},"author":1,"featured_media":2258,"comment_status":"closed","ping_status":"open","sticky":false,"template":"","format":"video","meta":{"footnotes":""},"categories":[17],"tags":[],"class_list":{"0":"post-2257","1":"post","2":"type-post","3":"status-publish","4":"format-video","5":"has-post-thumbnail","7":"category-videos","8":"post_format-post-format-video"},"_links":{"self":[{"href":"https:\/\/www.educatecno.cl\/index.php\/wp-json\/wp\/v2\/posts\/2257"}],"collection":[{"href":"https:\/\/www.educatecno.cl\/index.php\/wp-json\/wp\/v2\/posts"}],"about":[{"href":"https:\/\/www.educatecno.cl\/index.php\/wp-json\/wp\/v2\/types\/post"}],"author":[{"embeddable":true,"href":"https:\/\/www.educatecno.cl\/index.php\/wp-json\/wp\/v2\/users\/1"}],"replies":[{"embeddable":true,"href":"https:\/\/www.educatecno.cl\/index.php\/wp-json\/wp\/v2\/comments?post=2257"}],"version-history":[{"count":6,"href":"https:\/\/www.educatecno.cl\/index.php\/wp-json\/wp\/v2\/posts\/2257\/revisions"}],"predecessor-version":[{"id":2355,"href":"https:\/\/www.educatecno.cl\/index.php\/wp-json\/wp\/v2\/posts\/2257\/revisions\/2355"}],"wp:featuredmedia":[{"embeddable":true,"href":"https:\/\/www.educatecno.cl\/index.php\/wp-json\/wp\/v2\/media\/2258"}],"wp:attachment":[{"href":"https:\/\/www.educatecno.cl\/index.php\/wp-json\/wp\/v2\/media?parent=2257"}],"wp:term":[{"taxonomy":"category","embeddable":true,"href":"https:\/\/www.educatecno.cl\/index.php\/wp-json\/wp\/v2\/categories?post=2257"},{"taxonomy":"post_tag","embeddable":true,"href":"https:\/\/www.educatecno.cl\/index.php\/wp-json\/wp\/v2\/tags?post=2257"}],"curies":[{"name":"wp","href":"https:\/\/api.w.org\/{rel}","templated":true}]}}