{"id":2295,"date":"2016-05-20T20:12:24","date_gmt":"2016-05-20T20:12:24","guid":{"rendered":"http:\/\/educatecno.cl\/web\/?p=2295"},"modified":"2021-09-21T13:44:39","modified_gmt":"2021-09-21T16:44:39","slug":"apple-pencil-vs-lapiz-real","status":"publish","type":"post","link":"https:\/\/www.educatecno.cl\/index.php\/2016\/05\/20\/apple-pencil-vs-lapiz-real\/","title":{"rendered":"Apple pencil vs L\u00e1piz real"},"content":{"rendered":"<div id=\"fb-root\"><\/div>\n<p>Luego de que apareciera el iPad Pro trae nuevas caracter\u00edsticas dentro de la familia de los iPad y no s\u00f3lo su nuevo gran tama\u00f1o de casi 13&#8243; (12.9&#8243; exactamente) sino que tambi\u00e9n una pantalla True Tone\u00a0cuyos\u00a0sensores de cuatro canales ajustan autom\u00e1ticamente el color y la intensidad de la pantalla seg\u00fan la iluminaci\u00f3n del ambiente, para que leer en el iPad Pro nos\u00a0resulte tan natural y agradable a la vista como hacerlo en una hoja de papel (tiembla Kindle?).<\/p>\n<p>Con un\u00a0chip A9x de 64 bits y el\u00a0coprocesador gr\u00e1fico M9, Apple nos asegura que la bater\u00eda de nuestri iPad nos durar\u00e1 al menos unas 10 horas (claro, seg\u00fan configuraci\u00f3n y uso).<\/p>\n<p>El arma secreta del nuevo iPad Pro (con el cual ya contaba el Surface de Microsoft) es el Apple Pencil Stylus. Ser\u00e1 algo tan necesario para poder sacar el mayor provecho a este dispositivo?<\/p>\n<p>En el video de <a href=\"https:\/\/www.youtube.com\/channel\/UCt-4ODKcxB71BNkOSvbnyvA\">Artismia<\/a>\u00a0comparan a un Apple Pencil con un l\u00e1piz \u00abde verdad\u00bb\u00a0en donde\u00a0un verdadero artista nos ense\u00f1a c\u00f3mo quedan los mismos dibujos hechos a l\u00e1piz y hechos con el Apple Pencil y la app <a href=\"https:\/\/www.fiftythree.com\/\">Paper\/53<\/a>. Obviamente queda a criterio de cada cu\u00e1l decidir cu\u00e1l es mejor opci\u00f3n: si un buen l\u00e1piz de dise\u00f1ador o un gadget de casi 90 mil\u00a0pesos.<\/p>\n","protected":false},"excerpt":{"rendered":"<p>Luego de que apareciera el iPad Pro trae nuevas caracter\u00edsticas dentro de la familia de los iPad y no s\u00f3lo su nuevo gran tama\u00f1o de casi 13&#8243; (12.9&#8243; exactamente) sino que tambi\u00e9n una pantalla True Tone\u00a0cuyos\u00a0sensores de cuatro canales ajustan autom\u00e1ticamente el color y la intensidad de la pantalla seg\u00fan la iluminaci\u00f3n del ambiente, para [&hellip;]<\/p>\n","protected":false},"author":1,"featured_media":2296,"comment_status":"closed","ping_status":"open","sticky":false,"template":"","format":"video","meta":{"footnotes":""},"categories":[10,21,23],"tags":[79,80,81],"class_list":{"0":"post-2295","1":"post","2":"type-post","3":"status-publish","4":"format-video","5":"has-post-thumbnail","7":"category-apple","8":"category-dispositivos","9":"category-tecnologia","10":"tag-apple","11":"tag-ipad-pro","12":"tag-pencil","13":"post_format-post-format-video"},"_links":{"self":[{"href":"https:\/\/www.educatecno.cl\/index.php\/wp-json\/wp\/v2\/posts\/2295"}],"collection":[{"href":"https:\/\/www.educatecno.cl\/index.php\/wp-json\/wp\/v2\/posts"}],"about":[{"href":"https:\/\/www.educatecno.cl\/index.php\/wp-json\/wp\/v2\/types\/post"}],"author":[{"embeddable":true,"href":"https:\/\/www.educatecno.cl\/index.php\/wp-json\/wp\/v2\/users\/1"}],"replies":[{"embeddable":true,"href":"https:\/\/www.educatecno.cl\/index.php\/wp-json\/wp\/v2\/comments?post=2295"}],"version-history":[{"count":1,"href":"https:\/\/www.educatecno.cl\/index.php\/wp-json\/wp\/v2\/posts\/2295\/revisions"}],"predecessor-version":[{"id":2297,"href":"https:\/\/www.educatecno.cl\/index.php\/wp-json\/wp\/v2\/posts\/2295\/revisions\/2297"}],"wp:featuredmedia":[{"embeddable":true,"href":"https:\/\/www.educatecno.cl\/index.php\/wp-json\/wp\/v2\/media\/2296"}],"wp:attachment":[{"href":"https:\/\/www.educatecno.cl\/index.php\/wp-json\/wp\/v2\/media?parent=2295"}],"wp:term":[{"taxonomy":"category","embeddable":true,"href":"https:\/\/www.educatecno.cl\/index.php\/wp-json\/wp\/v2\/categories?post=2295"},{"taxonomy":"post_tag","embeddable":true,"href":"https:\/\/www.educatecno.cl\/index.php\/wp-json\/wp\/v2\/tags?post=2295"}],"curies":[{"name":"wp","href":"https:\/\/api.w.org\/{rel}","templated":true}]}}