{"id":2307,"date":"2016-05-21T08:28:02","date_gmt":"2016-05-21T12:28:02","guid":{"rendered":"http:\/\/educatecno.cl\/web\/?p=2307"},"modified":"2021-09-21T13:44:39","modified_gmt":"2021-09-21T16:44:39","slug":"realidad-virtual-una-pesadilla","status":"publish","type":"post","link":"https:\/\/www.educatecno.cl\/index.php\/2016\/05\/21\/realidad-virtual-una-pesadilla\/","title":{"rendered":"Realidad Virtual, una pesadilla?"},"content":{"rendered":"<div id=\"fb-root\"><\/div>\n<blockquote><p><strong>Hyper-Reality<\/strong>, es un peque\u00f1o corto que como indican sus creadores \u00abpresenta una nueva visi\u00f3n provocativa y caleidosc\u00f3pica del futuro en el que las realidades f\u00edsica y virtual se fusionan y la ciudad est\u00e1 saturada de contenidos de todo tipo de mensajes, medios informativos y publicidad\u00bb.<\/p><\/blockquote>\n<p>&nbsp;<\/p>\n","protected":false},"excerpt":{"rendered":"<p>Hyper-Reality, es un peque\u00f1o corto que como indican sus creadores \u00abpresenta una nueva visi\u00f3n provocativa y caleidosc\u00f3pica del futuro en el que las realidades f\u00edsica y virtual se fusionan y la ciudad est\u00e1 saturada de contenidos de todo tipo de mensajes, medios informativos y publicidad\u00bb. &nbsp;<\/p>\n","protected":false},"author":1,"featured_media":2308,"comment_status":"closed","ping_status":"open","sticky":false,"template":"","format":"video","meta":{"footnotes":""},"categories":[23,17],"tags":[],"class_list":{"0":"post-2307","1":"post","2":"type-post","3":"status-publish","4":"format-video","5":"has-post-thumbnail","7":"category-tecnologia","8":"category-videos","9":"post_format-post-format-video"},"_links":{"self":[{"href":"https:\/\/www.educatecno.cl\/index.php\/wp-json\/wp\/v2\/posts\/2307"}],"collection":[{"href":"https:\/\/www.educatecno.cl\/index.php\/wp-json\/wp\/v2\/posts"}],"about":[{"href":"https:\/\/www.educatecno.cl\/index.php\/wp-json\/wp\/v2\/types\/post"}],"author":[{"embeddable":true,"href":"https:\/\/www.educatecno.cl\/index.php\/wp-json\/wp\/v2\/users\/1"}],"replies":[{"embeddable":true,"href":"https:\/\/www.educatecno.cl\/index.php\/wp-json\/wp\/v2\/comments?post=2307"}],"version-history":[{"count":1,"href":"https:\/\/www.educatecno.cl\/index.php\/wp-json\/wp\/v2\/posts\/2307\/revisions"}],"predecessor-version":[{"id":2309,"href":"https:\/\/www.educatecno.cl\/index.php\/wp-json\/wp\/v2\/posts\/2307\/revisions\/2309"}],"wp:featuredmedia":[{"embeddable":true,"href":"https:\/\/www.educatecno.cl\/index.php\/wp-json\/wp\/v2\/media\/2308"}],"wp:attachment":[{"href":"https:\/\/www.educatecno.cl\/index.php\/wp-json\/wp\/v2\/media?parent=2307"}],"wp:term":[{"taxonomy":"category","embeddable":true,"href":"https:\/\/www.educatecno.cl\/index.php\/wp-json\/wp\/v2\/categories?post=2307"},{"taxonomy":"post_tag","embeddable":true,"href":"https:\/\/www.educatecno.cl\/index.php\/wp-json\/wp\/v2\/tags?post=2307"}],"curies":[{"name":"wp","href":"https:\/\/api.w.org\/{rel}","templated":true}]}}