{"id":2315,"date":"2013-10-09T11:38:26","date_gmt":"2013-10-09T15:38:26","guid":{"rendered":"http:\/\/educatecno.cl\/web\/?p=2315"},"modified":"2016-05-28T11:40:49","modified_gmt":"2016-05-28T15:40:49","slug":"las-huellas-del-desierto","status":"publish","type":"post","link":"https:\/\/www.educatecno.cl\/index.php\/2013\/10\/09\/las-huellas-del-desierto\/","title":{"rendered":"Las Huellas del Desierto"},"content":{"rendered":"<div id=\"fb-root\"><\/div>\n<p><img loading=\"lazy\" decoding=\"async\" class=\"alignleft size-full wp-image-2317\" src=\"https:\/\/www.educatecno.cl\/wp-content\/uploads\/2016\/05\/libros01.jpg\" alt=\"libros01\" width=\"195\" height=\"300\" \/>1916. Primera Guerra Mundial. El Imperio Otomano (Turqu\u00eda) apoyado por Alemania ocupa gran parte de la pen\u00ednsula \u00e1rabe.<\/p>\n<p>Los libaneses Khalid y Noura se escapan de Turqu\u00eda con destino a Beirut porque \u00e9l sospecha que han descubierto que es un esp\u00eda del movimiento de liberaci\u00f3n contra la ocupaci\u00f3n turca. Sin embargo, al llegar a El L\u00edbano, Khalid es colgado en una plaza p\u00fablica. Entonces Noura se encuentra con Salah, compa\u00f1ero de su marido en movimiento de liberaci\u00f3n y aliado de Lawrence de Arabia que dirige un ej\u00e9rcito irregular financiado por su pa\u00eds. La madre de Salah le presenta a Noura a sus amigas quienes se re\u00fanen en el caf\u00e9 de Rania, qui\u00e9n empieza una relaci\u00f3n con Rabih, del movimiento de liberaci\u00f3n, al igual que Charlie, un oficial brit\u00e1nico con quien se relaciona Fatmeh, otra asidua del caf\u00e9.<\/p>\n<p>Mientras tanto, Lawrence de Arabia planea atacar el golfo de Aqaba. Entonces Rabih y el oficial brit\u00e1nico parten para Jordania junto con Nassim e Hisham, dos informantes de Salah, para participar de la contienda. Sin embargo, el precio de la participaci\u00f3n en la Revuelta \u00e1rabe ser\u00e1 muy alto porque algunos no volver\u00e1n, y los dem\u00e1s quedar\u00e1n marcados de por vida.<\/p>\n<p>Luego de varias victorias, sus jefes ascienden a Lawrence de Arabia a coronel y le anuncian que ahora que la derrota de los turcos est\u00e1 cerca, Gran Breta\u00f1a se repartir\u00e1 el control de los territorios \u00e1rabes con Francia, lo que supone incumplir la promesa que los brit\u00e1nicos le hab\u00edan hecho al movimiento de liberaci\u00f3n.<\/p>\n<p>La ocupaci\u00f3n extranjera, los movimientos de liberaci\u00f3n nacionales, la intervenci\u00f3n de las grandes potencias europeas en Oriente Medio y la repercusi\u00f3n de la guerra en la vida de las mujeres: todos estos temas se tejen en la nueva novela de Maha Akhtar.<\/p>\n","protected":false},"excerpt":{"rendered":"<p>1916. Primera Guerra Mundial. El Imperio Otomano (Turqu\u00eda) apoyado por Alemania ocupa gran parte de la pen\u00ednsula \u00e1rabe. Los libaneses Khalid y Noura se escapan de Turqu\u00eda con destino a Beirut porque \u00e9l sospecha que han descubierto que es un esp\u00eda del movimiento de liberaci\u00f3n contra la ocupaci\u00f3n turca. Sin embargo, al llegar a El [&hellip;]<\/p>\n","protected":false},"author":1,"featured_media":2316,"comment_status":"open","ping_status":"open","sticky":false,"template":"","format":"standard","meta":{"footnotes":""},"categories":[16],"tags":[70],"class_list":{"0":"post-2315","1":"post","2":"type-post","3":"status-publish","4":"format-standard","5":"has-post-thumbnail","7":"category-libros","8":"tag-libros"},"_links":{"self":[{"href":"https:\/\/www.educatecno.cl\/index.php\/wp-json\/wp\/v2\/posts\/2315"}],"collection":[{"href":"https:\/\/www.educatecno.cl\/index.php\/wp-json\/wp\/v2\/posts"}],"about":[{"href":"https:\/\/www.educatecno.cl\/index.php\/wp-json\/wp\/v2\/types\/post"}],"author":[{"embeddable":true,"href":"https:\/\/www.educatecno.cl\/index.php\/wp-json\/wp\/v2\/users\/1"}],"replies":[{"embeddable":true,"href":"https:\/\/www.educatecno.cl\/index.php\/wp-json\/wp\/v2\/comments?post=2315"}],"version-history":[{"count":1,"href":"https:\/\/www.educatecno.cl\/index.php\/wp-json\/wp\/v2\/posts\/2315\/revisions"}],"predecessor-version":[{"id":2318,"href":"https:\/\/www.educatecno.cl\/index.php\/wp-json\/wp\/v2\/posts\/2315\/revisions\/2318"}],"wp:featuredmedia":[{"embeddable":true,"href":"https:\/\/www.educatecno.cl\/index.php\/wp-json\/wp\/v2\/media\/2316"}],"wp:attachment":[{"href":"https:\/\/www.educatecno.cl\/index.php\/wp-json\/wp\/v2\/media?parent=2315"}],"wp:term":[{"taxonomy":"category","embeddable":true,"href":"https:\/\/www.educatecno.cl\/index.php\/wp-json\/wp\/v2\/categories?post=2315"},{"taxonomy":"post_tag","embeddable":true,"href":"https:\/\/www.educatecno.cl\/index.php\/wp-json\/wp\/v2\/tags?post=2315"}],"curies":[{"name":"wp","href":"https:\/\/api.w.org\/{rel}","templated":true}]}}