{"id":2327,"date":"2014-05-08T11:45:55","date_gmt":"2014-05-08T15:45:55","guid":{"rendered":"http:\/\/educatecno.cl\/web\/?p=2327"},"modified":"2016-05-28T11:47:35","modified_gmt":"2016-05-28T15:47:35","slug":"nunca-dejes-de-mirarme","status":"publish","type":"post","link":"https:\/\/www.educatecno.cl\/index.php\/2014\/05\/08\/nunca-dejes-de-mirarme\/","title":{"rendered":"Nunca Dejes de Mirarme"},"content":{"rendered":"<div id=\"fb-root\"><\/div>\n<p><img loading=\"lazy\" decoding=\"async\" class=\"alignleft size-full wp-image-2328\" src=\"https:\/\/www.educatecno.cl\/wp-content\/uploads\/2016\/05\/libros05.jpg\" alt=\"libros05\" width=\"205\" height=\"300\" \/>\u00bfPor qu\u00e9 mueren los p\u00e1jaros? Desde hace algunos a\u00f1os un misterioso suceso tiene lugar en Santiago de Compostela. Tras una intensa tormenta cientos de p\u00e1jaros aparecen muertos en algunas zonas de la ciudad sin que nadie sepa el porqu\u00e9. \u00danicamente Sara, una adolescente de diecisiete a\u00f1os reci\u00e9n llegada de Madrid, tendr\u00e1 la valent\u00eda de descifrar el enigma. Un oscuro secreto que poco a poco ir\u00e1 desentra\u00f1ando al conocer a Dorian, su vecino y compa\u00f1ero de clase. Un descubrimiento que unir\u00e1 el destino de ambos y los conducir\u00e1 hasta m\u00e1s all\u00e1 de los l\u00edmites de la raz\u00f3n.<\/p>\n<p>\u201cNunca dejes de mirarme\u201d no es solo una novela de suspenso, es tambi\u00e9n una historia de denuncia social. Un canto a la libertad y al descubrimiento del primer amor.<\/p>\n","protected":false},"excerpt":{"rendered":"<p>\u00bfPor qu\u00e9 mueren los p\u00e1jaros? Desde hace algunos a\u00f1os un misterioso suceso tiene lugar en Santiago de Compostela. Tras una intensa tormenta cientos de p\u00e1jaros aparecen muertos en algunas zonas de la ciudad sin que nadie sepa el porqu\u00e9. \u00danicamente Sara, una adolescente de diecisiete a\u00f1os reci\u00e9n llegada de Madrid, tendr\u00e1 la valent\u00eda de descifrar [&hellip;]<\/p>\n","protected":false},"author":1,"featured_media":2329,"comment_status":"open","ping_status":"open","sticky":false,"template":"","format":"standard","meta":{"footnotes":""},"categories":[16],"tags":[70],"class_list":{"0":"post-2327","1":"post","2":"type-post","3":"status-publish","4":"format-standard","5":"has-post-thumbnail","7":"category-libros","8":"tag-libros"},"_links":{"self":[{"href":"https:\/\/www.educatecno.cl\/index.php\/wp-json\/wp\/v2\/posts\/2327"}],"collection":[{"href":"https:\/\/www.educatecno.cl\/index.php\/wp-json\/wp\/v2\/posts"}],"about":[{"href":"https:\/\/www.educatecno.cl\/index.php\/wp-json\/wp\/v2\/types\/post"}],"author":[{"embeddable":true,"href":"https:\/\/www.educatecno.cl\/index.php\/wp-json\/wp\/v2\/users\/1"}],"replies":[{"embeddable":true,"href":"https:\/\/www.educatecno.cl\/index.php\/wp-json\/wp\/v2\/comments?post=2327"}],"version-history":[{"count":1,"href":"https:\/\/www.educatecno.cl\/index.php\/wp-json\/wp\/v2\/posts\/2327\/revisions"}],"predecessor-version":[{"id":2330,"href":"https:\/\/www.educatecno.cl\/index.php\/wp-json\/wp\/v2\/posts\/2327\/revisions\/2330"}],"wp:featuredmedia":[{"embeddable":true,"href":"https:\/\/www.educatecno.cl\/index.php\/wp-json\/wp\/v2\/media\/2329"}],"wp:attachment":[{"href":"https:\/\/www.educatecno.cl\/index.php\/wp-json\/wp\/v2\/media?parent=2327"}],"wp:term":[{"taxonomy":"category","embeddable":true,"href":"https:\/\/www.educatecno.cl\/index.php\/wp-json\/wp\/v2\/categories?post=2327"},{"taxonomy":"post_tag","embeddable":true,"href":"https:\/\/www.educatecno.cl\/index.php\/wp-json\/wp\/v2\/tags?post=2327"}],"curies":[{"name":"wp","href":"https:\/\/api.w.org\/{rel}","templated":true}]}}