{"id":2331,"date":"2015-01-07T11:48:01","date_gmt":"2015-01-07T14:48:01","guid":{"rendered":"http:\/\/educatecno.cl\/web\/?p=2331"},"modified":"2016-05-28T11:49:28","modified_gmt":"2016-05-28T15:49:28","slug":"los-pecados-del-verano","status":"publish","type":"post","link":"https:\/\/www.educatecno.cl\/index.php\/2015\/01\/07\/los-pecados-del-verano\/","title":{"rendered":"Los Pecados del Verano"},"content":{"rendered":"<div id=\"fb-root\"><\/div>\n<p><img loading=\"lazy\" decoding=\"async\" class=\"alignleft size-full wp-image-2332\" src=\"https:\/\/www.educatecno.cl\/wp-content\/uploads\/2016\/05\/libros04.jpg\" alt=\"libros04\" width=\"195\" height=\"300\" \/>Primavera de 1951. Consuelo, a la que todos llaman la Se\u00f1ora, vive en un permanente estado de hast\u00edo: la agotan sus dos hijos peque\u00f1os, su madre y criada, la asquea su matrimonio concertado y la asfixia su pueblo. Todo cambia el d\u00eda en que su marido es invitado a participar en el Primer Congreso Nacional de Moralidad en Playas y Piscinas, donde un grupo de elegidos intentar\u00e1 poner coto a las relajadas costumbres de los turistas. Este viaje de toda la familia a una ciudad mediterr\u00e1nea \u2014el sol, la luz, el mar\u2014 los abruma y desarma, mostr\u00e1ndoles un nuevo paisaje de libertad, no siempre agradable.<\/p>\n<p>Los pecados de verano es una historia \u00abdecente\u00bb sobre la rebeli\u00f3n \u00edntima, sobre los arrebatos y el deseo, pero es tambi\u00e9n un divertido paseo por esa Espa\u00f1a mojigata y a\u00fan dolorida que empezaba a abrirse al turismo, a las suecas y tambi\u00e9n, a pesar del alboroto, a los bikinis.<\/p>\n","protected":false},"excerpt":{"rendered":"<p>Primavera de 1951. Consuelo, a la que todos llaman la Se\u00f1ora, vive en un permanente estado de hast\u00edo: la agotan sus dos hijos peque\u00f1os, su madre y criada, la asquea su matrimonio concertado y la asfixia su pueblo. Todo cambia el d\u00eda en que su marido es invitado a participar en el Primer Congreso Nacional [&hellip;]<\/p>\n","protected":false},"author":1,"featured_media":2333,"comment_status":"open","ping_status":"open","sticky":false,"template":"","format":"standard","meta":{"footnotes":""},"categories":[16],"tags":[70],"class_list":{"0":"post-2331","1":"post","2":"type-post","3":"status-publish","4":"format-standard","5":"has-post-thumbnail","7":"category-libros","8":"tag-libros"},"_links":{"self":[{"href":"https:\/\/www.educatecno.cl\/index.php\/wp-json\/wp\/v2\/posts\/2331"}],"collection":[{"href":"https:\/\/www.educatecno.cl\/index.php\/wp-json\/wp\/v2\/posts"}],"about":[{"href":"https:\/\/www.educatecno.cl\/index.php\/wp-json\/wp\/v2\/types\/post"}],"author":[{"embeddable":true,"href":"https:\/\/www.educatecno.cl\/index.php\/wp-json\/wp\/v2\/users\/1"}],"replies":[{"embeddable":true,"href":"https:\/\/www.educatecno.cl\/index.php\/wp-json\/wp\/v2\/comments?post=2331"}],"version-history":[{"count":1,"href":"https:\/\/www.educatecno.cl\/index.php\/wp-json\/wp\/v2\/posts\/2331\/revisions"}],"predecessor-version":[{"id":2334,"href":"https:\/\/www.educatecno.cl\/index.php\/wp-json\/wp\/v2\/posts\/2331\/revisions\/2334"}],"wp:featuredmedia":[{"embeddable":true,"href":"https:\/\/www.educatecno.cl\/index.php\/wp-json\/wp\/v2\/media\/2333"}],"wp:attachment":[{"href":"https:\/\/www.educatecno.cl\/index.php\/wp-json\/wp\/v2\/media?parent=2331"}],"wp:term":[{"taxonomy":"category","embeddable":true,"href":"https:\/\/www.educatecno.cl\/index.php\/wp-json\/wp\/v2\/categories?post=2331"},{"taxonomy":"post_tag","embeddable":true,"href":"https:\/\/www.educatecno.cl\/index.php\/wp-json\/wp\/v2\/tags?post=2331"}],"curies":[{"name":"wp","href":"https:\/\/api.w.org\/{rel}","templated":true}]}}