{"id":2369,"date":"2016-05-31T15:55:10","date_gmt":"2016-05-31T19:55:10","guid":{"rendered":"http:\/\/educatecno.cl\/web\/?p=2369"},"modified":"2021-09-21T13:44:38","modified_gmt":"2021-09-21T16:44:38","slug":"adaptador-lightningauriculares","status":"publish","type":"post","link":"https:\/\/www.educatecno.cl\/index.php\/2016\/05\/31\/adaptador-lightningauriculares\/","title":{"rendered":"Adaptador Lightning\/Auriculares"},"content":{"rendered":"<div id=\"fb-root\"><\/div>\n<p>Existe un sin n\u00famero de rumores sobre las <strong><a href=\"http:\/\/iphonedigital.com\/iphone-7-caracteristicas\/\" target=\"_blank\" rel=\"noopener\">caracter\u00edsticas que tendr\u00e1 el nuevo celular de Apple<\/a>, el iPhone 7<\/strong>. Uno de los m\u00e1s comentados es que el nuevo dispositivo de la empresa prescindir\u00e1 del conector jack para auriculares.<\/p>\n<p>De esta forma y con una fe inmensa\u00a0varios\u00a0fabricantes chinos ya han incluido en sus cat\u00e1logos un <a href=\"http:\/\/www.tama.com.cn\/en\/mfi.asp?gm=3&amp;enBigClassName=MFI%20Acces&amp;enSmallClassName=Conversion%20Plug\" target=\"_blank\" rel=\"noopener\"><strong>adaptador que se conecta al puerto Lightning<\/strong><\/a> del inexistente iPhone 7 para dar utilidad a los viejos auriculares con conector\u00a0convencional de 3,5 mm.<\/p>\n<p>Lo que se tiene que tener en cuenta es que\u00a0el adaptador por ahora es s\u00f3lo un render y no un producto real; no tiene precio ni tampoco se puede comprar.<\/p>\n<p><a href=\"https:\/\/www.educatecno.cl\/wp-content\/uploads\/2016\/05\/adaptador-iphone.jpg\"><img loading=\"lazy\" decoding=\"async\" class=\"aligncenter wp-image-2372 size-medium\" src=\"https:\/\/www.educatecno.cl\/wp-content\/uploads\/2016\/05\/adaptador-iphone-320x192.jpg\" alt=\"Adaptador Lightning Auricular - Iphone7\" width=\"320\" height=\"192\" srcset=\"https:\/\/www.educatecno.cl\/wp-content\/uploads\/2016\/05\/adaptador-iphone-320x192.jpg 320w, https:\/\/www.educatecno.cl\/wp-content\/uploads\/2016\/05\/adaptador-iphone-600x360.jpg 600w\" sizes=\"(max-width: 320px) 100vw, 320px\" \/><\/a><\/p>\n","protected":false},"excerpt":{"rendered":"<p>Existe un sin n\u00famero de rumores sobre las caracter\u00edsticas que tendr\u00e1 el nuevo celular de Apple, el iPhone 7. Uno de los m\u00e1s comentados es que el nuevo dispositivo de la empresa prescindir\u00e1 del conector jack para auriculares. De esta forma y con una fe inmensa\u00a0varios\u00a0fabricantes chinos ya han incluido en sus cat\u00e1logos un adaptador [&hellip;]<\/p>\n","protected":false},"author":1,"featured_media":2370,"comment_status":"closed","ping_status":"open","sticky":false,"template":"","format":"standard","meta":{"footnotes":""},"categories":[10,23],"tags":[],"class_list":{"0":"post-2369","1":"post","2":"type-post","3":"status-publish","4":"format-standard","5":"has-post-thumbnail","7":"category-apple","8":"category-tecnologia"},"_links":{"self":[{"href":"https:\/\/www.educatecno.cl\/index.php\/wp-json\/wp\/v2\/posts\/2369"}],"collection":[{"href":"https:\/\/www.educatecno.cl\/index.php\/wp-json\/wp\/v2\/posts"}],"about":[{"href":"https:\/\/www.educatecno.cl\/index.php\/wp-json\/wp\/v2\/types\/post"}],"author":[{"embeddable":true,"href":"https:\/\/www.educatecno.cl\/index.php\/wp-json\/wp\/v2\/users\/1"}],"replies":[{"embeddable":true,"href":"https:\/\/www.educatecno.cl\/index.php\/wp-json\/wp\/v2\/comments?post=2369"}],"version-history":[{"count":8,"href":"https:\/\/www.educatecno.cl\/index.php\/wp-json\/wp\/v2\/posts\/2369\/revisions"}],"predecessor-version":[{"id":2701,"href":"https:\/\/www.educatecno.cl\/index.php\/wp-json\/wp\/v2\/posts\/2369\/revisions\/2701"}],"wp:featuredmedia":[{"embeddable":true,"href":"https:\/\/www.educatecno.cl\/index.php\/wp-json\/wp\/v2\/media\/2370"}],"wp:attachment":[{"href":"https:\/\/www.educatecno.cl\/index.php\/wp-json\/wp\/v2\/media?parent=2369"}],"wp:term":[{"taxonomy":"category","embeddable":true,"href":"https:\/\/www.educatecno.cl\/index.php\/wp-json\/wp\/v2\/categories?post=2369"},{"taxonomy":"post_tag","embeddable":true,"href":"https:\/\/www.educatecno.cl\/index.php\/wp-json\/wp\/v2\/tags?post=2369"}],"curies":[{"name":"wp","href":"https:\/\/api.w.org\/{rel}","templated":true}]}}