{"id":2725,"date":"2023-03-23T22:21:00","date_gmt":"2023-03-24T01:21:00","guid":{"rendered":"https:\/\/www.educatecno.cl\/?p=2725"},"modified":"2025-10-23T22:47:05","modified_gmt":"2025-10-24T01:47:05","slug":"las-gafas-inteligentes-de-meta-rayban-meta","status":"publish","type":"post","link":"https:\/\/www.educatecno.cl\/index.php\/2023\/03\/23\/las-gafas-inteligentes-de-meta-rayban-meta\/","title":{"rendered":"Las Gafas Inteligentes de Meta: RayBan Meta"},"content":{"rendered":"<div id=\"fb-root\"><\/div>\n\n<p>Ray-Ban | Meta son unas gafas inteligentes que integran c\u00e1mara, audio de o\u00eddo abierto y el asistente Meta AI para fotos y video manos libres, traducci\u00f3n, llamadas y reconocimiento de im\u00e1genes en un formato cl\u00e1sico de Ray-Ban Wayfarer, Headliner y m\u00e1s modelos compatibles\u00a0<a href=\"https:\/\/www.meta.com\/ai-glasses\/ray-ban-meta\/\" target=\"_blank\" rel=\"noreferrer noopener\"><\/a>\u200b.\u00a0Su \u00faltima generaci\u00f3n mejora bater\u00eda, c\u00e1mara y funciones de IA, consolid\u00e1ndolas como referencia actual en smart glasses de consumo.<\/p>\n\n\n\n<p><strong>Qu\u00e9 son y qu\u00e9 pueden hacer<\/strong><\/p>\n\n\n\n<ul class=\"wp-block-list\">\n<li>Integran Meta AI para consultas por voz, reconocimiento de im\u00e1genes, traducci\u00f3n en tiempo real y funciones contextuales como recordar ubicaciones o describir escenas, operando con conexi\u00f3n al m\u00f3vil y la app Meta View.<a href=\"https:\/\/www.meta.com\/ai-glasses\/ray-ban-meta\/\" target=\"_blank\" rel=\"noreferrer noopener\"><\/a>\u200b<\/li>\n\n\n\n<li>Permiten capturar fotos de 12 MP y video en primera persona, realizar llamadas y videollamadas, escuchar audio con altavoces direccionales y usar controles t\u00e1ctiles en las varillas, todo con dise\u00f1o Ray-Ban discreto y ligero.<\/li>\n<\/ul>\n\n\n\n<p><strong>Especificaciones clave<\/strong><\/p>\n\n\n\n<ul class=\"wp-block-list\">\n<li>C\u00e1mara de 12 MP con captura de video hasta 1920\u00d71440 en la generaci\u00f3n anterior y mejoras de rendimiento\/estabilizaci\u00f3n; almacenamiento interno t\u00edpico de 32 GB para cientos de clips cortos y fotos.<a href=\"https:\/\/moorinsightsstrategy.com\/research-notes\/ray-ban-meta-smart-glasses-review-better-cooler-and-more-useful-than-ever\/\" target=\"_blank\" rel=\"noreferrer noopener\"><\/a>\u200b<\/li>\n\n\n\n<li>Conectividad con Wi\u2011Fi 6 y Bluetooth 5.x, matriz de cinco micr\u00f3fonos, altavoces abiertos y estuche de carga tipo \u201ccarry case\u201d con indicadores y carga r\u00e1pida.<\/li>\n<\/ul>\n\n\n\n<p><strong>Bater\u00eda y carga<\/strong><\/p>\n\n\n\n<ul class=\"wp-block-list\">\n<li>La generaci\u00f3n reciente mejora capacidad y eficiencia, ofreciendo m\u00e1s autonom\u00eda por carga y m\u00e1s tiempo total con el estuche; cargas r\u00e1pidas alcanzan aproximadamente 50% en minutos, facilitando uso diario intermitente.<a href=\"https:\/\/www.ray-ban.com\/usa\/ray-ban-meta-ai-glasses\" target=\"_blank\" rel=\"noreferrer noopener\"><\/a>\u200b<\/li>\n\n\n\n<li>En pruebas y rese\u00f1as, el uso t\u00edpico cubre jornadas con pausas y recargas en el estuche, un patr\u00f3n similar al de auriculares TWS, aunque el consumo aumenta con video prolongado y funciones de IA activas.<\/li>\n<\/ul>\n\n\n\n<p><strong>Experiencia de IA y software<\/strong><\/p>\n\n\n\n<ul class=\"wp-block-list\">\n<li>Meta AI a\u00f1ade visi\u00f3n (image understanding) para identificar objetos y contextos, traducci\u00f3n de voz y texto en vivo, y funciones de memoria\/recordatorios anunciadas por Meta para despliegues graduales.<a href=\"https:\/\/about.fb.com\/news\/2024\/09\/ray-ban-meta-glasses-new-ai-features-and-partner-integrations\/\" target=\"_blank\" rel=\"noreferrer noopener\"><\/a>\u200b<\/li>\n\n\n\n<li>Integraciones con WhatsApp, Messenger e Instagram habilitan mensajes manos libres y videollamadas, adem\u00e1s de compartir contenido capturado desde la perspectiva del usuario.<a href=\"https:\/\/www.ray-ban.com\/usa\/discover-ray-ban-meta-ai-glasses\/clp\" target=\"_blank\" rel=\"noreferrer noopener\"><\/a>\u200b<\/li>\n<\/ul>\n\n\n\n<p><strong>Experiencia de IA y software<\/strong><\/p>\n\n\n\n<ul class=\"wp-block-list\">\n<li>Conservan la est\u00e9tica Ray-Ban con monturas Wayfarer\/Headliner y opciones de lentes (claros, polarizados, Transitions), manteniendo peso contenido y brazos ligeramente m\u00e1s anchos por la electr\u00f3nica.<a href=\"https:\/\/downtown-mag.com\/en\/ray-ben-meta-smart-glasses-review\/\" target=\"_blank\" rel=\"noreferrer noopener\"><\/a>\u200b<\/li>\n\n\n\n<li>Los altavoces direccionales ofrecen privacidad relativa en exteriores, y los controles t\u00e1ctiles m\u00e1s botones discretos permiten operar la c\u00e1mara y la reproducci\u00f3n sin sacar el tel\u00e9fono.<a href=\"https:\/\/www.ray-ban.com\/usa\/discover-ray-ban-meta-ai-glasses\/clp\" target=\"_blank\" rel=\"noreferrer noopener\"><\/a>\u200b<\/li>\n<\/ul>\n\n\n\n<p><strong>Casos de uso destacados<\/strong><\/p>\n\n\n\n<ul class=\"wp-block-list\">\n<li>Creaci\u00f3n de contenido POV r\u00e1pido para redes, vlogging espont\u00e1neo y capturas \u201chands-free\u201d en eventos o deporte ligero, con calidad suficiente para stories y clips sociales.<a href=\"https:\/\/downtown-mag.com\/en\/ray-ben-meta-smart-glasses-review\/\" target=\"_blank\" rel=\"noreferrer noopener\"><\/a>\u200b<\/li>\n\n\n\n<li>Accesibilidad y asistencia: navegaci\u00f3n auditiva, lectura de se\u00f1ales\/men\u00fas con IA, y soporte con \u201cBe My Eyes\u201d a trav\u00e9s de apps asociadas para usuarios con baja visi\u00f3n.<a href=\"https:\/\/www.guidedogs.org.uk\/blog\/reviewing-ray-ban-meta-smart-glasses\" target=\"_blank\" rel=\"noreferrer noopener\"><\/a>\u200b<\/li>\n<\/ul>\n\n\n\n<p><strong>Limitaciones y matices<\/strong><\/p>\n\n\n\n<ul class=\"wp-block-list\">\n<li>La calidad fotogr\u00e1fica y de video, aunque muy usable para redes, no sustituye a un smartphone premium en condiciones de baja luz por el tama\u00f1o del sensor y procesamiento.<a href=\"https:\/\/www.pocket-lint.com\/meta-ray-ban-2024-review\/\" target=\"_blank\" rel=\"noreferrer noopener\"><\/a>\u200b<\/li>\n\n\n\n<li>Las funciones de IA m\u00e1s avanzadas pueden mostrar latencia o variabilidad seg\u00fan conectividad y despliegues por regi\u00f3n\/idioma; la experiencia mejora con actualizaciones de software.<a href=\"https:\/\/www.meta.com\/blog\/ray-ban-meta-glasses-collection-news-updates-connect-2024\/\" target=\"_blank\" rel=\"noreferrer noopener\"><\/a>\u200b<\/li>\n<\/ul>\n\n\n\n<p><strong>Modelos y novedades recientes<\/strong><\/p>\n\n\n\n<ul class=\"wp-block-list\">\n<li>La l\u00ednea \u201cGen 2\u201d mejora bater\u00eda y video frente a la generaci\u00f3n previa, junto con nuevas funciones de c\u00e1mara como hiperlapso\/slow\u2011motion anunciadas para toda la gama de gafas con IA de Meta.<a href=\"https:\/\/www.gsmarena.com\/meta_rayban_display_and_rayban_meta_gen_2_smart_glasses_debut-news-69560.php\" target=\"_blank\" rel=\"noreferrer noopener\"><\/a>\u200b<\/li>\n\n\n\n<li>Meta y Ray\u2011Ban han expandido colecciones, ediciones limitadas y opciones de lentes Transitions, reforzando moda y funcionalidad en el ecosistema de monturas.<a href=\"https:\/\/www.meta.com\/ai-glasses\/ray-ban-meta\/\" target=\"_blank\" rel=\"noreferrer noopener\"><\/a>\u200b<\/li>\n<\/ul>\n\n\n\n<p><strong>Consejos de compra<\/strong><\/p>\n\n\n\n<ul class=\"wp-block-list\">\n<li>Elegir montura y lentes seg\u00fan uso: Transitions para uso diario mixto interior\/exterior; polarizadas para exteriores; lentes claros si se priorizan videollamadas y captura en interiores.<a href=\"https:\/\/www.meta.com\/ai-glasses\/ray-ban-meta\/\" target=\"_blank\" rel=\"noreferrer noopener\"><\/a>\u200b<\/li>\n\n\n\n<li>Valorar el estuche con carga r\u00e1pida y la conectividad Wi\u2011Fi 6\/Bluetooth 5.x para minimizar latencia y asegurar sincronizaci\u00f3n fluida con el m\u00f3vil y la app Meta View.<\/li>\n<\/ul>\n\n\n\n<div class=\"wp-block-columns is-layout-flex wp-container-core-columns-is-layout-1 wp-block-columns-is-layout-flex\">\n<div class=\"wp-block-column is-layout-flow wp-block-column-is-layout-flow\">\n<figure class=\"wp-block-embed is-type-video is-provider-youtube wp-block-embed-youtube wp-embed-aspect-16-9 wp-has-aspect-ratio\"><div class=\"wp-block-embed__wrapper\">\n<iframe loading=\"lazy\" title=\"Rayban Meta Review, 5 COSAS INCRE\u00cdBLES que puedes hacer... \u00bfValen la pena?\" width=\"696\" height=\"392\" src=\"https:\/\/www.youtube.com\/embed\/OK6z3YrmcJo?feature=oembed\" frameborder=\"0\" allow=\"accelerometer; autoplay; clipboard-write; encrypted-media; gyroscope; picture-in-picture; web-share\" referrerpolicy=\"strict-origin-when-cross-origin\" allowfullscreen><\/iframe>\n<\/div><\/figure>\n\n\n\n<p><\/p>\n<\/div>\n\n\n\n<div class=\"wp-block-column is-layout-flow wp-block-column-is-layout-flow\">\n<figure class=\"wp-block-embed is-type-video is-provider-youtube wp-block-embed-youtube wp-embed-aspect-16-9 wp-has-aspect-ratio\"><div class=\"wp-block-embed__wrapper\">\n<iframe loading=\"lazy\" title=\"Ray-Ban Meta! It&#039;s Perfect!\" width=\"696\" height=\"392\" src=\"https:\/\/www.youtube.com\/embed\/AXk5xzY0B74?feature=oembed\" frameborder=\"0\" allow=\"accelerometer; autoplay; clipboard-write; encrypted-media; gyroscope; picture-in-picture; web-share\" referrerpolicy=\"strict-origin-when-cross-origin\" allowfullscreen><\/iframe>\n<\/div><\/figure>\n<\/div>\n<\/div>\n\n\n\n<p><\/p>\n","protected":false},"excerpt":{"rendered":"<p>Ray-Ban | Meta son unas gafas inteligentes que integran c\u00e1mara, audio de o\u00eddo abierto y el asistente Meta AI para fotos y video manos libres, traducci\u00f3n, llamadas y reconocimiento de im\u00e1genes en un formato cl\u00e1sico de Ray-Ban Wayfarer, Headliner y m\u00e1s modelos compatibles\u00a0\u200b.\u00a0Su \u00faltima generaci\u00f3n mejora bater\u00eda, c\u00e1mara y funciones de IA, consolid\u00e1ndolas como referencia [&hellip;]<\/p>\n","protected":false},"author":1,"featured_media":2726,"comment_status":"closed","ping_status":"closed","sticky":false,"template":"","format":"standard","meta":{"footnotes":""},"categories":[21,23],"tags":[],"class_list":{"0":"post-2725","1":"post","2":"type-post","3":"status-publish","4":"format-standard","5":"has-post-thumbnail","7":"category-dispositivos","8":"category-tecnologia"},"_links":{"self":[{"href":"https:\/\/www.educatecno.cl\/index.php\/wp-json\/wp\/v2\/posts\/2725"}],"collection":[{"href":"https:\/\/www.educatecno.cl\/index.php\/wp-json\/wp\/v2\/posts"}],"about":[{"href":"https:\/\/www.educatecno.cl\/index.php\/wp-json\/wp\/v2\/types\/post"}],"author":[{"embeddable":true,"href":"https:\/\/www.educatecno.cl\/index.php\/wp-json\/wp\/v2\/users\/1"}],"replies":[{"embeddable":true,"href":"https:\/\/www.educatecno.cl\/index.php\/wp-json\/wp\/v2\/comments?post=2725"}],"version-history":[{"count":1,"href":"https:\/\/www.educatecno.cl\/index.php\/wp-json\/wp\/v2\/posts\/2725\/revisions"}],"predecessor-version":[{"id":2728,"href":"https:\/\/www.educatecno.cl\/index.php\/wp-json\/wp\/v2\/posts\/2725\/revisions\/2728"}],"wp:featuredmedia":[{"embeddable":true,"href":"https:\/\/www.educatecno.cl\/index.php\/wp-json\/wp\/v2\/media\/2726"}],"wp:attachment":[{"href":"https:\/\/www.educatecno.cl\/index.php\/wp-json\/wp\/v2\/media?parent=2725"}],"wp:term":[{"taxonomy":"category","embeddable":true,"href":"https:\/\/www.educatecno.cl\/index.php\/wp-json\/wp\/v2\/categories?post=2725"},{"taxonomy":"post_tag","embeddable":true,"href":"https:\/\/www.educatecno.cl\/index.php\/wp-json\/wp\/v2\/tags?post=2725"}],"curies":[{"name":"wp","href":"https:\/\/api.w.org\/{rel}","templated":true}]}}