{"id":2729,"date":"2025-10-09T08:05:05","date_gmt":"2025-10-09T11:05:05","guid":{"rendered":"https:\/\/www.educatecno.cl\/?p=2729"},"modified":"2025-10-24T08:55:57","modified_gmt":"2025-10-24T11:55:57","slug":"realidad-virtual-y-aumentada","status":"publish","type":"post","link":"https:\/\/www.educatecno.cl\/index.php\/2025\/10\/09\/realidad-virtual-y-aumentada\/","title":{"rendered":"Realidad Virtual y Aumentada"},"content":{"rendered":"<div id=\"fb-root\"><\/div>\n\n<p>La Realidad Virtual (RV) y la Realidad Aumentada (RA) est\u00e1n potenciando la motivaci\u00f3n, la comprensi\u00f3n de conceptos complejos y el rendimiento acad\u00e9mico cuando se integran con intenci\u00f3n pedag\u00f3gica y buen dise\u00f1o did\u00e1ctico en diferentes niveles educativos. <\/p>\n\n\n<div class=\"wp-block-image\">\n<figure class=\"alignright size-full is-resized\"><img loading=\"lazy\" decoding=\"async\" width=\"970\" height=\"485\" src=\"https:\/\/www.educatecno.cl\/wp-content\/uploads\/2025\/10\/RA01.jpg\" alt=\"\" class=\"wp-image-2731\" style=\"width:481px;height:auto\" srcset=\"https:\/\/www.educatecno.cl\/wp-content\/uploads\/2025\/10\/RA01.jpg 970w, https:\/\/www.educatecno.cl\/wp-content\/uploads\/2025\/10\/RA01-320x160.jpg 320w, https:\/\/www.educatecno.cl\/wp-content\/uploads\/2025\/10\/RA01-840x420.jpg 840w, https:\/\/www.educatecno.cl\/wp-content\/uploads\/2025\/10\/RA01-150x75.jpg 150w, https:\/\/www.educatecno.cl\/wp-content\/uploads\/2025\/10\/RA01-300x150.jpg 300w, https:\/\/www.educatecno.cl\/wp-content\/uploads\/2025\/10\/RA01-696x348.jpg 696w\" sizes=\"(max-width: 970px) 100vw, 970px\" \/><figcaption class=\"wp-element-caption\">Libro con Realidad Aumentada<\/figcaption><\/figure><\/div>\n\n\n<p><strong>Qu\u00e9 son RV y RA<\/strong><\/p>\n\n\n\n<ul class=\"wp-block-list\">\n<li>La RV crea entornos inmersivos en 3D que el alumnado explora con visores, posibilitando experiencias como laboratorios virtuales, visitas a lugares inaccesibles o simulaciones de alto riesgo sin peligro real.<a href=\"https:\/\/translate.google.com\/translate?u=https%3A%2F%2Fwww.sciencedirect.com%2Fscience%2Farticle%2Fpii%2FS2666188824001734&amp;hl=es&amp;sl=en&amp;tl=es&amp;client=srp\" target=\"_blank\" rel=\"noreferrer noopener\"><\/a>\u200b<\/li>\n\n\n\n<li>La RA superpone capas digitales sobre el mundo f\u00edsico a trav\u00e9s de m\u00f3viles, tabletas o gafas, enriqueciendo objetos reales con modelos 3D, etiquetas informativas o animaciones interactivas que gu\u00edan la atenci\u00f3n y el aprendizaje contextualizado.<a href=\"https:\/\/revistaaloma.blanquerna.edu\/index.php\/aloma\/article\/view\/885\" target=\"_blank\" rel=\"noreferrer noopener\"><\/a>\u200b<\/li>\n<\/ul>\n\n\n\n<p><strong>Evidencia y beneficios<\/strong><\/p>\n\n\n\n<ul class=\"wp-block-list\">\n<li>Revisi\u00f3n y metaan\u00e1lisis en educaci\u00f3n superior muestran que la RA incrementa de forma significativa la motivaci\u00f3n seg\u00fan el modelo ARCS (atenci\u00f3n, relevancia, confianza, satisfacci\u00f3n), con efectos estad\u00edsticos robustos en diferentes \u00e1reas del conocimiento.<a href=\"https:\/\/revistaaloma.blanquerna.edu\/index.php\/aloma\/article\/view\/885\" target=\"_blank\" rel=\"noreferrer noopener\"><\/a>\u200b<\/li>\n\n\n\n<li>Metaan\u00e1lisis en primaria (2018\u20132023) reporta mejoras significativas en el aprendizaje cuando se integran tecnolog\u00edas inmersivas (RA\/RV) frente a estrategias tradicionales, apoyando su valor para el rendimiento acad\u00e9mico.<a href=\"https:\/\/revistas.ort.edu.uy\/cuadernos-de-investigacion-educativa\/article\/view\/4052\" target=\"_blank\" rel=\"noreferrer noopener\"><\/a>\u200b<\/li>\n\n\n\n<li>Art\u00edculos de revisi\u00f3n recientes se\u00f1alan que la RV favorece el compromiso, el aprendizaje experiencial y el desarrollo de habilidades pr\u00e1cticas, especialmente en ciencias y entornos de laboratorio virtual.<a href=\"http:\/\/www.scielo.org.bo\/scielo.php?script=sci_arttext&amp;pid=S2959-65132025000200452\" target=\"_blank\" rel=\"noreferrer noopener\"><\/a>\u200b<\/li>\n<\/ul>\n\n\n\n<p><strong>Limitaciones y buenas pr\u00e1cticas<\/strong><\/p>\n\n\n\n<ul class=\"wp-block-list\">\n<li>La eficacia depende del dise\u00f1o instruccional, la duraci\u00f3n de las intervenciones y la alineaci\u00f3n con objetivos curriculares; la literatura pide estudios m\u00e1s finos para orientar su implementaci\u00f3n \u00f3ptima en secundaria.<a href=\"https:\/\/revistapixelbit.com\/numeros\/2024\/71\/104279\/index_esp.htm\" target=\"_blank\" rel=\"noreferrer noopener\"><\/a>\u200b<\/li>\n\n\n\n<li>Consideraciones de accesibilidad, ergonom\u00eda, y gesti\u00f3n de dispositivos son clave para escalar experiencias sin aumentar la carga docente ni generar fatiga o mareo en estudiantes sensibles.<a href=\"https:\/\/ve.scielo.org\/scielo.php?script=sci_arttext&amp;pid=S2542-29872024000300252\" target=\"_blank\" rel=\"noreferrer noopener\"><\/a>\u200b<\/li>\n\n\n\n<li>Es recomendable pilotar con grupos peque\u00f1os, utilizar tareas breves y con andamiaje claro, y evaluar con r\u00fabricas que midan comprensi\u00f3n, transferencia y colaboraci\u00f3n.<a href=\"http:\/\/www.scielo.org.bo\/scielo.php?script=sci_arttext&amp;pid=S2959-65132025000200452\" target=\"_blank\" rel=\"noreferrer noopener\"><\/a>\u200b<\/li>\n<\/ul>\n\n\n\n<p><strong>Casos y ejemplos en aula<\/strong><\/p>\n\n\n\n<ul class=\"wp-block-list\">\n<li><a id=\"69ee21f209527\" rel=\"wp-video-lightbox\" href=\"https:\/\/www.youtube.com\/watch?v=AmzhsX6itBw&#038;width=1000&#038;height=563\" title=\"\">Historia y Ciencias Sociales<\/a>    <script>\r\n    \/* <![CDATA[ *\/\r\n    jQuery(document).ready(function($){\r\n        $(function(){\r\n            var width = $(window).innerWidth();\r\n            var setwidth = parseFloat(1000);\r\n            var ratio = parseFloat(0.563);\r\n            var height = parseFloat(563);\r\n            var link = 'https:\/\/www.youtube.com\/watch?v=AmzhsX6itBw&amp;width=1000&amp;height=563';\r\n            if(width < setwidth)\r\n            {\r\n                height = Math.floor(width * 0.563);\r\n                \/\/console.log(\"device width \"+width+\", set width \"+1000+\", ratio \"+0.563+\", new height \"+ height);\r\n                var new_url = wpvl_paramReplace('width', link, width);\r\n                var new_url = wpvl_paramReplace('height', new_url, height);\r\n                $(\"a#69ee21f209527\").attr('href', new_url);\r\n                \/\/console.log(new_url);\r\n            }\r\n        });\r\n    });\r\n    \/* ]]> *\/\r\n    <\/script>: excursiones virtuales 360\u00b0 para \u201cvivir\u201d periodos hist\u00f3ricos y analizar fuentes en contexto, incrementando atenci\u00f3n y conexi\u00f3n con la materia en K-12.\u200b<\/li>\n\n\n\n<li>Ciencias y STEM: laboratorios virtuales en f\u00edsica, qu\u00edmica y anatom\u00eda que permiten practicar procedimientos y visualizar procesos complejos de forma segura y repetible.<a href=\"https:\/\/translate.google.com\/translate?u=https%3A%2F%2Fwww.sciencedirect.com%2Fscience%2Farticle%2Fpii%2FS2666188824001734&amp;hl=es&amp;sl=en&amp;tl=es&amp;client=srp\" target=\"_blank\" rel=\"noreferrer noopener\"><\/a>\u200b<\/li>\n\n\n\n<li>Lenguas y comunicaci\u00f3n: escenarios inmersivos y RA para pr\u00e1ctica situada, feedback inmediato y aprendizaje activo con objetos de aprendizaje tridimensionales.<a href=\"http:\/\/www.spentamexico.org\/v19-n2\/A48.19(2)1-15.pdf\" target=\"_blank\" rel=\"noreferrer noopener\"><\/a>\u200b<\/li>\n<\/ul>\n\n\n\n<p><strong>Equipamiento y plataformas<\/strong><\/p>\n\n\n\n<ul class=\"wp-block-list\">\n<li><a id=\"69ee21f2095a8\" rel=\"wp-video-lightbox\" href=\"https:\/\/www.youtube.com\/watch?v=OBw_4EYBT3A&#038;width=1000&#038;height=563\" title=\"\">Dispositivos<\/a>    <script>\r\n    \/* <![CDATA[ *\/\r\n    jQuery(document).ready(function($){\r\n        $(function(){\r\n            var width = $(window).innerWidth();\r\n            var setwidth = parseFloat(1000);\r\n            var ratio = parseFloat(0.563);\r\n            var height = parseFloat(563);\r\n            var link = 'https:\/\/www.youtube.com\/watch?v=OBw_4EYBT3A&amp;width=1000&amp;height=563';\r\n            if(width < setwidth)\r\n            {\r\n                height = Math.floor(width * 0.563);\r\n                \/\/console.log(\"device width \"+width+\", set width \"+1000+\", ratio \"+0.563+\", new height \"+ height);\r\n                var new_url = wpvl_paramReplace('width', link, width);\r\n                var new_url = wpvl_paramReplace('height', new_url, height);\r\n                $(\"a#69ee21f2095a8\").attr('href', new_url);\r\n                \/\/console.log(new_url);\r\n            }\r\n        });\r\n    });\r\n    \/* ]]> *\/\r\n    <\/script>: visores standalone de RV (por ejemplo, ecosistemas con gesti\u00f3n de aulas y apps educativas) y dispositivos m\u00f3viles\/tabletas para RA con marcadores o reconocimiento espacial.\u200b<\/li>\n\n\n\n<li><a id=\"69ee21f2095f7\" rel=\"wp-video-lightbox\" href=\"https:\/\/www.youtube.com\/watch?v=0PAVKH9-3Yk&#038;width=1000&#038;height=563\" title=\"\">Soluciones educativas<\/a>    <script>\r\n    \/* <![CDATA[ *\/\r\n    jQuery(document).ready(function($){\r\n        $(function(){\r\n            var width = $(window).innerWidth();\r\n            var setwidth = parseFloat(1000);\r\n            var ratio = parseFloat(0.563);\r\n            var height = parseFloat(563);\r\n            var link = 'https:\/\/www.youtube.com\/watch?v=0PAVKH9-3Yk&amp;width=1000&amp;height=563';\r\n            if(width < setwidth)\r\n            {\r\n                height = Math.floor(width * 0.563);\r\n                \/\/console.log(\"device width \"+width+\", set width \"+1000+\", ratio \"+0.563+\", new height \"+ height);\r\n                var new_url = wpvl_paramReplace('width', link, width);\r\n                var new_url = wpvl_paramReplace('height', new_url, height);\r\n                $(\"a#69ee21f2095f7\").attr('href', new_url);\r\n                \/\/console.log(new_url);\r\n            }\r\n        });\r\n    });\r\n    \/* ]]> *\/\r\n    <\/script>: suites que facilitan despliegue multi-dispositivo y cat\u00e1logos de contenidos curriculares, as\u00ed como cursos masivos abiertos para formaci\u00f3n docente en uso de RV.<a href=\"https:\/\/www.youtube.com\/playlist?list=PL7O-wFTtwWAZtRPxV7qEssK0kcxVzJO12\" target=\"_blank\" rel=\"noreferrer noopener\"><\/a>\u200b\u200b<\/li>\n\n\n\n<li><a id=\"69ee21f20967a\" rel=\"wp-video-lightbox\" href=\"https:\/\/www.youtube.com\/watch?v=nbCnDsvAT8w&#038;width=1000&#038;height=563\" title=\"\">Materiales de Apoyo<\/a>    <script>\r\n    \/* <![CDATA[ *\/\r\n    jQuery(document).ready(function($){\r\n        $(function(){\r\n            var width = $(window).innerWidth();\r\n            var setwidth = parseFloat(1000);\r\n            var ratio = parseFloat(0.563);\r\n            var height = parseFloat(563);\r\n            var link = 'https:\/\/www.youtube.com\/watch?v=nbCnDsvAT8w&amp;width=1000&amp;height=563';\r\n            if(width < setwidth)\r\n            {\r\n                height = Math.floor(width * 0.563);\r\n                \/\/console.log(\"device width \"+width+\", set width \"+1000+\", ratio \"+0.563+\", new height \"+ height);\r\n                var new_url = wpvl_paramReplace('width', link, width);\r\n                var new_url = wpvl_paramReplace('height', new_url, height);\r\n                $(\"a#69ee21f20967a\").attr('href', new_url);\r\n                \/\/console.log(new_url);\r\n            }\r\n        });\r\n    });\r\n    \/* ]]> *\/\r\n    <\/script>: gu\u00edas y fichas did\u00e1cticas que proponen secuencias por objetivos, tiempos y criterios de evaluaci\u00f3n para integrar experiencias inmersivas sin improvisaci\u00f3n.<\/li>\n<\/ul>\n\n\n\n<p><strong>Dise\u00f1o instruccional recomendado<\/strong><\/p>\n\n\n\n<ul class=\"wp-block-list\">\n<li>Objetivo claro y medible: definir qu\u00e9 concepto o habilidad requiere inmersi\u00f3n y por qu\u00e9 la RA\/RV aporta ventaja frente a recursos tradicionales.<a href=\"https:\/\/revistapixelbit.com\/numeros\/2024\/71\/104279\/index_esp.htm\" target=\"_blank\" rel=\"noreferrer noopener\"><\/a>\u200b<\/li>\n\n\n\n<li>Fases breves y ciclos de reflexi\u00f3n: 5\u201312 minutos de inmersi\u00f3n seguidos de discusi\u00f3n guiada, registro de observaciones y transferencia a tareas del mundo real.<a href=\"http:\/\/www.scielo.org.bo\/scielo.php?script=sci_arttext&amp;pid=S2959-65132025000200452\" target=\"_blank\" rel=\"noreferrer noopener\"><\/a>\u200b<\/li>\n\n\n\n<li>Evaluaci\u00f3n aut\u00e9ntica: productos intermedios (diarios de campo, mapas conceptuales RA) y r\u00fabricas de desempe\u00f1o que capten comprensi\u00f3n profunda y colaboraci\u00f3n.<a href=\"https:\/\/revistas.ort.edu.uy\/cuadernos-de-investigacion-educativa\/article\/view\/4052\" target=\"_blank\" rel=\"noreferrer noopener\"><\/a>\u200b<\/li>\n<\/ul>\n\n\n\n<p><strong>Accesibilidad e inclusi\u00f3n<\/strong><\/p>\n\n\n\n<ul class=\"wp-block-list\">\n<li>Alternativas de bajo umbral: experiencias RA en m\u00f3viles para quienes no toleran visores, modos sentado y control de movimiento para reducir mareo cin\u00e9tico.<a href=\"https:\/\/ve.scielo.org\/scielo.php?script=sci_arttext&amp;pid=S2542-29872024000300252\" target=\"_blank\" rel=\"noreferrer noopener\"><\/a>\u200b<\/li>\n\n\n\n<li>Ajustes y ergonom\u00eda: calibraci\u00f3n de lentes, pausas programadas y contenidos con contraste adecuado y audio descriptivo para diversidad funcional.<a href=\"https:\/\/ve.scielo.org\/scielo.php?script=sci_arttext&amp;pid=S2542-29872024000300252\" target=\"_blank\" rel=\"noreferrer noopener\"><\/a>\u200b<\/li>\n\n\n\n<li>Equidad de acceso: programaci\u00f3n de rotaciones y estaciones de aprendizaje para optimizar pocos dispositivos sin excluir a ning\u00fan estudiante.<\/li>\n<\/ul>\n","protected":false},"excerpt":{"rendered":"<p>La Realidad Virtual (RV) y la Realidad Aumentada (RA) est\u00e1n potenciando la motivaci\u00f3n, la comprensi\u00f3n de conceptos complejos y el rendimiento acad\u00e9mico cuando se integran con intenci\u00f3n pedag\u00f3gica y buen dise\u00f1o did\u00e1ctico en diferentes niveles educativos. Qu\u00e9 son RV y RA Evidencia y beneficios Limitaciones y buenas pr\u00e1cticas Casos y ejemplos en aula Equipamiento y [&hellip;]<\/p>\n","protected":false},"author":1,"featured_media":2730,"comment_status":"closed","ping_status":"closed","sticky":false,"template":"","format":"standard","meta":{"footnotes":""},"categories":[20,1,23],"tags":[],"class_list":{"0":"post-2729","1":"post","2":"type-post","3":"status-publish","4":"format-standard","5":"has-post-thumbnail","7":"category-educacion","8":"category-sin-categoria","9":"category-tecnologia"},"_links":{"self":[{"href":"https:\/\/www.educatecno.cl\/index.php\/wp-json\/wp\/v2\/posts\/2729"}],"collection":[{"href":"https:\/\/www.educatecno.cl\/index.php\/wp-json\/wp\/v2\/posts"}],"about":[{"href":"https:\/\/www.educatecno.cl\/index.php\/wp-json\/wp\/v2\/types\/post"}],"author":[{"embeddable":true,"href":"https:\/\/www.educatecno.cl\/index.php\/wp-json\/wp\/v2\/users\/1"}],"replies":[{"embeddable":true,"href":"https:\/\/www.educatecno.cl\/index.php\/wp-json\/wp\/v2\/comments?post=2729"}],"version-history":[{"count":8,"href":"https:\/\/www.educatecno.cl\/index.php\/wp-json\/wp\/v2\/posts\/2729\/revisions"}],"predecessor-version":[{"id":2744,"href":"https:\/\/www.educatecno.cl\/index.php\/wp-json\/wp\/v2\/posts\/2729\/revisions\/2744"}],"wp:featuredmedia":[{"embeddable":true,"href":"https:\/\/www.educatecno.cl\/index.php\/wp-json\/wp\/v2\/media\/2730"}],"wp:attachment":[{"href":"https:\/\/www.educatecno.cl\/index.php\/wp-json\/wp\/v2\/media?parent=2729"}],"wp:term":[{"taxonomy":"category","embeddable":true,"href":"https:\/\/www.educatecno.cl\/index.php\/wp-json\/wp\/v2\/categories?post=2729"},{"taxonomy":"post_tag","embeddable":true,"href":"https:\/\/www.educatecno.cl\/index.php\/wp-json\/wp\/v2\/tags?post=2729"}],"curies":[{"name":"wp","href":"https:\/\/api.w.org\/{rel}","templated":true}]}}